{"id":69428,"date":"2026-09-01T00:00:03","date_gmt":"2026-08-31T23:00:03","guid":{"rendered":"https:\/\/www.bierfassheberverein.de\/wordpress\/?p=69428"},"modified":"2026-09-05T06:24:47","modified_gmt":"2026-09-05T05:24:47","slug":"01-09-2026-lenny-und-andy-sagen-danke","status":"publish","type":"post","link":"https:\/\/www.bierfassheberverein.de\/wordpress\/?p=69428","title":{"rendered":"01.09.2026 &#8211; Lenny und Andy sagen Danke!"},"content":{"rendered":"<p class=\"p1\"><span class=\"s1\"><a href=\"https:\/\/www.bierfassheberverein.de\/wordpress\/wp-content\/uploads\/2026\/09\/Danke-von-Lenny-u.Andy_-e1788585803425.jpg\" rel=\"lightbox-0\"><img loading=\"lazy\" decoding=\"async\" class=\"alignright size-medium wp-image-69429\" src=\"https:\/\/www.bierfassheberverein.de\/wordpress\/wp-content\/uploads\/2026\/09\/Danke-von-Lenny-u.Andy_-e1788585803425-300x223.jpg\" alt=\"\" width=\"300\" height=\"223\" srcset=\"https:\/\/www.bierfassheberverein.de\/wordpress\/wp-content\/uploads\/2026\/09\/Danke-von-Lenny-u.Andy_-e1788585803425-300x223.jpg 300w, https:\/\/www.bierfassheberverein.de\/wordpress\/wp-content\/uploads\/2026\/09\/Danke-von-Lenny-u.Andy_-e1788585803425-800x595.jpg 800w, https:\/\/www.bierfassheberverein.de\/wordpress\/wp-content\/uploads\/2026\/09\/Danke-von-Lenny-u.Andy_-e1788585803425-768x571.jpg 768w, https:\/\/www.bierfassheberverein.de\/wordpress\/wp-content\/uploads\/2026\/09\/Danke-von-Lenny-u.Andy_-e1788585803425-1536x1142.jpg 1536w, https:\/\/www.bierfassheberverein.de\/wordpress\/wp-content\/uploads\/2026\/09\/Danke-von-Lenny-u.Andy_-e1788585803425.jpg 2045w\" sizes=\"auto, (max-width: 300px) 100vw, 300px\" \/><\/a>Manchmal zeigt ein einziges Foto mehr als jede Ergebnisliste.<\/span><\/p>\n<p class=\"p1\"><span class=\"s1\">Lenny und Andy stehen da, entspannt, zufrieden, mit diesem besonderen Ausdruck, den nur eine richtig gute Saison hinterl\u00e4sst. Keine gro\u00dfe B\u00fchne, kein Stadionlicht \u2014 sondern der Trainingsplatz, der Ort, an dem aus Routine St\u00e4rke wird und aus St\u00e4rke Erfolg.<\/span><\/p>\n<p class=\"p1\"><span class=\"s1\">Die beiden sagen Danke. Nicht als Floskel, sondern aus echter Verbundenheit.<\/span><!--more--><\/p>\n<p class=\"p1\"><span class=\"s1\">Denn ihre Kugelsto\u00dfsaison war nicht einfach gut \u2014 sie war Spitze. Und ein Teil dieses Erfolgs kommt aus genau dem Umfeld, das wir im Bierfassheberverein geschaffen haben: Platz, Zeit, Unterst\u00fctzung, ein Team, das anpackt und mitzieht.<\/span><\/p>\n<p class=\"p1\"><span class=\"s1\">Dieses Bild ist ein Moment des R\u00fcckblicks, aber auch ein Versprechen:<\/span><\/p>\n<p class=\"p1\"><span class=\"s1\">Wenn Training zu Gemeinschaft wird, entstehen Geschichten, die man gern weitererz\u00e4hlt.<\/span><\/p>\n","protected":false},"excerpt":{"rendered":"<p>Manchmal zeigt ein einziges Foto mehr als jede Ergebnisliste. Lenny und Andy stehen da, entspannt, zufrieden, mit diesem besonderen Ausdruck, den nur eine richtig gute Saison hinterl\u00e4sst. Keine gro\u00dfe B\u00fchne, kein Stadionlicht \u2014 sondern der Trainingsplatz, der Ort, an dem aus Routine St\u00e4rke wird und aus St\u00e4rke Erfolg. Die beiden sagen Danke. Nicht als Floskel, &hellip; <\/p>\n<p class=\"link-more\"><a href=\"https:\/\/www.bierfassheberverein.de\/wordpress\/?p=69428\" class=\"more-link\"><span class=\"screen-reader-text\">\u201e01.09.2026 &#8211; Lenny und Andy sagen Danke!\u201c <\/span>weiterlesen<\/a><\/p>\n","protected":false},"author":1,"featured_media":0,"comment_status":"open","ping_status":"closed","sticky":false,"template":"","format":"standard","meta":{"ngg_post_thumbnail":0,"footnotes":""},"categories":[5],"tags":[],"class_list":["post-69428","post","type-post","status-publish","format-standard","hentry","category-sonstiges"],"_links":{"self":[{"href":"https:\/\/www.bierfassheberverein.de\/wordpress\/index.php?rest_route=\/wp\/v2\/posts\/69428","targetHints":{"allow":["GET"]}}],"collection":[{"href":"https:\/\/www.bierfassheberverein.de\/wordpress\/index.php?rest_route=\/wp\/v2\/posts"}],"about":[{"href":"https:\/\/www.bierfassheberverein.de\/wordpress\/index.php?rest_route=\/wp\/v2\/types\/post"}],"author":[{"embeddable":true,"href":"https:\/\/www.bierfassheberverein.de\/wordpress\/index.php?rest_route=\/wp\/v2\/users\/1"}],"replies":[{"embeddable":true,"href":"https:\/\/www.bierfassheberverein.de\/wordpress\/index.php?rest_route=%2Fwp%2Fv2%2Fcomments&post=69428"}],"version-history":[{"count":2,"href":"https:\/\/www.bierfassheberverein.de\/wordpress\/index.php?rest_route=\/wp\/v2\/posts\/69428\/revisions"}],"predecessor-version":[{"id":69431,"href":"https:\/\/www.bierfassheberverein.de\/wordpress\/index.php?rest_route=\/wp\/v2\/posts\/69428\/revisions\/69431"}],"wp:attachment":[{"href":"https:\/\/www.bierfassheberverein.de\/wordpress\/index.php?rest_route=%2Fwp%2Fv2%2Fmedia&parent=69428"}],"wp:term":[{"taxonomy":"category","embeddable":true,"href":"https:\/\/www.bierfassheberverein.de\/wordpress\/index.php?rest_route=%2Fwp%2Fv2%2Fcategories&post=69428"},{"taxonomy":"post_tag","embeddable":true,"href":"https:\/\/www.bierfassheberverein.de\/wordpress\/index.php?rest_route=%2Fwp%2Fv2%2Ftags&post=69428"}],"curies":[{"name":"wp","href":"https:\/\/api.w.org\/{rel}","templated":true}]}}