{"id":69011,"date":"2026-05-01T00:00:13","date_gmt":"2026-04-30T23:00:13","guid":{"rendered":"https:\/\/www.bierfassheberverein.de\/wordpress\/?p=69011"},"modified":"2026-05-01T17:16:18","modified_gmt":"2026-05-01T16:16:18","slug":"01-05-2026-35-ohratalsperrenlauf","status":"publish","type":"post","link":"https:\/\/www.bierfassheberverein.de\/wordpress\/?p=69011","title":{"rendered":"01.05.2026 &#8211; 35. Ohratalsperrenlauf"},"content":{"rendered":"<p><a href=\"https:\/\/www.bierfassheberverein.de\/wordpress\/index.php\/nggallery\/se-2020-heute\/35-ohratalsperrenlauf-2026?page_id=37756\"><img loading=\"lazy\" decoding=\"async\" class=\"alignright size-medium wp-image-69012\" src=\"https:\/\/www.bierfassheberverein.de\/wordpress\/wp-content\/uploads\/2026\/05\/35_Ohratalsperrenlauf_2026_002-e1777651925148-300x199.jpeg\" alt=\"\" width=\"300\" height=\"199\" srcset=\"https:\/\/www.bierfassheberverein.de\/wordpress\/wp-content\/uploads\/2026\/05\/35_Ohratalsperrenlauf_2026_002-e1777651925148-300x199.jpeg 300w, https:\/\/www.bierfassheberverein.de\/wordpress\/wp-content\/uploads\/2026\/05\/35_Ohratalsperrenlauf_2026_002-e1777651925148-800x530.jpeg 800w, https:\/\/www.bierfassheberverein.de\/wordpress\/wp-content\/uploads\/2026\/05\/35_Ohratalsperrenlauf_2026_002-e1777651925148-768x509.jpeg 768w, https:\/\/www.bierfassheberverein.de\/wordpress\/wp-content\/uploads\/2026\/05\/35_Ohratalsperrenlauf_2026_002-e1777651925148.jpeg 1200w\" sizes=\"auto, (max-width: 300px) 100vw, 300px\" \/><\/a>Am Freitag, dem 1. Mai 2026, herrschten in Luisenthal perfekte Bedingungen f\u00fcr den traditionsreichen 35. Ohratalsperrenlauf. Bei strahlendem Fr\u00fchlingswetter machten sich 236 L\u00e4uferinnen und L\u00e4ufer auf die landschaftlich wundersch\u00f6ne, aber durchaus anspruchsvolle 15\u2011Kilometer\u2011Runde um die Ohratalsperre.<\/p>\n<p>Mitten im Feld: sieben Athleten des Laufteams Gothaer Bierfassheber, die einmal mehr zeigten, dass sie nicht nur Kraftsport k\u00f6nnen, sondern auch l\u00e4uferisch beeindruckend unterwegs sind.<!--more--><\/p>\n<p>&#x1f947; Podestpl\u00e4tze f\u00fcr Detlef, Tim und Daniel<\/p>\n<p>Gleich drei Bierfassheber schafften es in ihren Altersklassen aufs Treppchen \u2013 ein starkes Zeichen f\u00fcr die Breite und Qualit\u00e4t des Teams:<\/p>\n<ul>\n<li style=\"list-style-type: none;\">\n<ul>\n<li>Detlef D\u00f6pping \u00fcberzeugte mit einer starken Leistung und sicherte sich den zweiten Platz auf dem Podium seiner Altersklasse.<\/li>\n<li>Tim Sopuschek zeigte ein dynamisches Rennen und belohnte sich mit dem dritten Platz.<\/li>\n<li>Daniel Kunter lief ein herausragendes Rennen und st\u00fcrmte in seiner Altersklasse ganz nach vorn. Daniel holte in seiner Altersklasse Gold.<\/li>\n<\/ul>\n<\/li>\n<\/ul>\n<p>Die Ergebnisse spiegeln nicht nur individuelle St\u00e4rke wider, sondern auch den Teamgeist, der das Laufteam der Bierfassheber auszeichnet.<\/p>\n<p>&#x1f33f; Ein Lauf, der in Erinnerung bleibt<\/p>\n<p>Der Ohratalsperrenlauf ist bekannt f\u00fcr seine Mischung aus sportlicher Herausforderung und Naturerlebnis. Auch 2026 bot die Strecke wieder alles: schnelle Passagen, knackige Anstiege und immer wieder beeindruckende Ausblicke auf die Talsperre und die umliegenden W\u00e4lder.<\/p>\n<p>F\u00fcr die Bierfassheber war es ein rundum gelungener Tag \u2013 sportlich erfolgreich, stimmungsvoll und gepr\u00e4gt von gegenseitiger Unterst\u00fctzung.<\/p>\n<p>Herzlichen Gl\u00fcckwunsch an alle L\u00e4ufer und besonders an unsere drei Podestl\u00e4ufer!<\/p>\n<p>So kann die Laufsaison weitergehen. &#x1f4aa;&#x1f332;&#x1f3c5;<\/p>\n<p>&nbsp;<\/p>\n","protected":false},"excerpt":{"rendered":"<p>Am Freitag, dem 1. Mai 2026, herrschten in Luisenthal perfekte Bedingungen f\u00fcr den traditionsreichen 35. Ohratalsperrenlauf. Bei strahlendem Fr\u00fchlingswetter machten sich 236 L\u00e4uferinnen und L\u00e4ufer auf die landschaftlich wundersch\u00f6ne, aber durchaus anspruchsvolle 15\u2011Kilometer\u2011Runde um die Ohratalsperre. Mitten im Feld: sieben Athleten des Laufteams Gothaer Bierfassheber, die einmal mehr zeigten, dass sie nicht nur Kraftsport k\u00f6nnen, &hellip; <\/p>\n<p class=\"link-more\"><a href=\"https:\/\/www.bierfassheberverein.de\/wordpress\/?p=69011\" class=\"more-link\"><span class=\"screen-reader-text\">\u201e01.05.2026 &#8211; 35. Ohratalsperrenlauf\u201c <\/span>weiterlesen<\/a><\/p>\n","protected":false},"author":1,"featured_media":0,"comment_status":"open","ping_status":"closed","sticky":false,"template":"","format":"standard","meta":{"ngg_post_thumbnail":0,"footnotes":""},"categories":[5],"tags":[],"class_list":["post-69011","post","type-post","status-publish","format-standard","hentry","category-sonstiges"],"_links":{"self":[{"href":"https:\/\/www.bierfassheberverein.de\/wordpress\/index.php?rest_route=\/wp\/v2\/posts\/69011","targetHints":{"allow":["GET"]}}],"collection":[{"href":"https:\/\/www.bierfassheberverein.de\/wordpress\/index.php?rest_route=\/wp\/v2\/posts"}],"about":[{"href":"https:\/\/www.bierfassheberverein.de\/wordpress\/index.php?rest_route=\/wp\/v2\/types\/post"}],"author":[{"embeddable":true,"href":"https:\/\/www.bierfassheberverein.de\/wordpress\/index.php?rest_route=\/wp\/v2\/users\/1"}],"replies":[{"embeddable":true,"href":"https:\/\/www.bierfassheberverein.de\/wordpress\/index.php?rest_route=%2Fwp%2Fv2%2Fcomments&post=69011"}],"version-history":[{"count":3,"href":"https:\/\/www.bierfassheberverein.de\/wordpress\/index.php?rest_route=\/wp\/v2\/posts\/69011\/revisions"}],"predecessor-version":[{"id":69035,"href":"https:\/\/www.bierfassheberverein.de\/wordpress\/index.php?rest_route=\/wp\/v2\/posts\/69011\/revisions\/69035"}],"wp:attachment":[{"href":"https:\/\/www.bierfassheberverein.de\/wordpress\/index.php?rest_route=%2Fwp%2Fv2%2Fmedia&parent=69011"}],"wp:term":[{"taxonomy":"category","embeddable":true,"href":"https:\/\/www.bierfassheberverein.de\/wordpress\/index.php?rest_route=%2Fwp%2Fv2%2Fcategories&post=69011"},{"taxonomy":"post_tag","embeddable":true,"href":"https:\/\/www.bierfassheberverein.de\/wordpress\/index.php?rest_route=%2Fwp%2Fv2%2Ftags&post=69011"}],"curies":[{"name":"wp","href":"https:\/\/api.w.org\/{rel}","templated":true}]}}