{"id":69006,"date":"2026-04-26T00:00:10","date_gmt":"2026-04-25T23:00:10","guid":{"rendered":"https:\/\/www.bierfassheberverein.de\/wordpress\/?p=69006"},"modified":"2026-04-29T06:47:11","modified_gmt":"2026-04-29T05:47:11","slug":"26-04-2026-91-steigerfruehjahrslauf-in-erfurt","status":"publish","type":"post","link":"https:\/\/www.bierfassheberverein.de\/wordpress\/?p=69006","title":{"rendered":"26.04.2026 &#8211; 91. Steiger(Fr\u00fchjahrs)lauf in Erfurt"},"content":{"rendered":"<p><a href=\"https:\/\/www.bierfassheberverein.de\/wordpress\/wp-content\/uploads\/2026\/04\/91-Steiger-Fruehjahrslauf_2026_002.jpeg\" rel=\"lightbox-0\"><img loading=\"lazy\" decoding=\"async\" class=\"alignright size-medium wp-image-69008\" src=\"https:\/\/www.bierfassheberverein.de\/wordpress\/wp-content\/uploads\/2026\/04\/91-Steiger-Fruehjahrslauf_2026_002-142x300.jpeg\" alt=\"\" width=\"142\" height=\"300\" srcset=\"https:\/\/www.bierfassheberverein.de\/wordpress\/wp-content\/uploads\/2026\/04\/91-Steiger-Fruehjahrslauf_2026_002-142x300.jpeg 142w, https:\/\/www.bierfassheberverein.de\/wordpress\/wp-content\/uploads\/2026\/04\/91-Steiger-Fruehjahrslauf_2026_002-380x800.jpeg 380w, https:\/\/www.bierfassheberverein.de\/wordpress\/wp-content\/uploads\/2026\/04\/91-Steiger-Fruehjahrslauf_2026_002-768x1618.jpeg 768w, https:\/\/www.bierfassheberverein.de\/wordpress\/wp-content\/uploads\/2026\/04\/91-Steiger-Fruehjahrslauf_2026_002-729x1536.jpeg 729w, https:\/\/www.bierfassheberverein.de\/wordpress\/wp-content\/uploads\/2026\/04\/91-Steiger-Fruehjahrslauf_2026_002.jpeg 972w\" sizes=\"auto, (max-width: 142px) 100vw, 142px\" \/><\/a>Bei strahlendem Fr\u00fchlingswetter fand am Sonntag der 91. Steiger(Fr\u00fchjahrs)lauf in Erfurt statt. F\u00fcr Daniel geh\u00f6rt der 13\u2011Kilometer\u2011Lauf durch den Erfurter Steiger fest zum j\u00e4hrlichen Fr\u00fchjahrsprogramm \u2013 und auch in diesem Jahr zeigte er eine beeindruckende Leistung.<\/p>\n<p>Nachdem die L\u00e4ufer beim Lange\u2011Bahn\u2011Lauf in Suhl eine Woche zuvor noch mit 7\u202f\u00b0C und Dauerregen zu k\u00e4mpfen hatten, pr\u00e4sentierte sich Erfurt diesmal von seiner besten Seite: 16\u202f\u00b0C, blauer Himmel und Sonnenschein. Rund 100 Starter gingen unter optimalen Bedingungen auf die anspruchsvolle Strecke.<!--more--><\/p>\n<p>Daniel fand schnell seinen Rhythmus und lief lange Zeit allein auf dem vierten Gesamtrang. Den Drittplatzierten hatte er dabei stets in Sichtweite. Bei Kilometer 11 gelang es ihm schlie\u00dflich, den Abstand zu schlie\u00dfen und aufzuschlie\u00dfen. Eine zuvor angek\u00fcndigte Strecken\u00e4nderung sorgte jedoch f\u00fcr einen entscheidenden Moment: Bei Kilometer 12 \u00fcbersah Daniel einen f\u00fcr ihn nicht eindeutig erkennbaren Wegweiser, stoppte kurz ab und z\u00f6gerte. Der Konkurrent nutzte die Situation sofort und setzte sich wieder leicht ab.<\/p>\n<p>Auf dem letzten Kilometer, der gleichzeitig einen dauerhaften Anstieg beinhaltete, k\u00e4mpfte Daniel sich noch einmal heran, konnte die rund 15\u202fMeter R\u00fcckstand jedoch nicht mehr vollst\u00e4ndig schlie\u00dfen. Trotz des kleinen Missgeschicks zeigte er sich am Ende zufrieden \u2013 denn seine Zeit konnte sich sehen lassen: Mit 49:40 Minuten verbesserte er seine Vorjahresleistung um starke drei Minuten.<\/p>\n<p><a href=\"https:\/\/www.bierfassheberverein.de\/wordpress\/wp-content\/uploads\/2026\/04\/91-Steiger-Fruehjahrslauf_2026_001.jpeg\" rel=\"lightbox-1\"><img loading=\"lazy\" decoding=\"async\" class=\"alignright size-medium wp-image-69009\" src=\"https:\/\/www.bierfassheberverein.de\/wordpress\/wp-content\/uploads\/2026\/04\/91-Steiger-Fruehjahrslauf_2026_001-225x300.jpeg\" alt=\"\" width=\"225\" height=\"300\" srcset=\"https:\/\/www.bierfassheberverein.de\/wordpress\/wp-content\/uploads\/2026\/04\/91-Steiger-Fruehjahrslauf_2026_001-225x300.jpeg 225w, https:\/\/www.bierfassheberverein.de\/wordpress\/wp-content\/uploads\/2026\/04\/91-Steiger-Fruehjahrslauf_2026_001-600x800.jpeg 600w, https:\/\/www.bierfassheberverein.de\/wordpress\/wp-content\/uploads\/2026\/04\/91-Steiger-Fruehjahrslauf_2026_001-768x1024.jpeg 768w, https:\/\/www.bierfassheberverein.de\/wordpress\/wp-content\/uploads\/2026\/04\/91-Steiger-Fruehjahrslauf_2026_001-1152x1536.jpeg 1152w, https:\/\/www.bierfassheberverein.de\/wordpress\/wp-content\/uploads\/2026\/04\/91-Steiger-Fruehjahrslauf_2026_001.jpeg 1500w\" sizes=\"auto, (max-width: 225px) 100vw, 225px\" \/><\/a>Im Gesamtklassement belegte Daniel einen hervorragenden 4. Platz. In seiner Altersklasse M35 sicherte er sich sogar den 2. Platz und stand damit verdient auf dem Podium.<\/p>\n<p>Ein rundum gelungener Saisonauftritt, der zeigt, dass Daniel bestens in Form ist und mit viel Motivation in die kommenden Wettk\u00e4mpfe startet.<\/p>\n","protected":false},"excerpt":{"rendered":"<p>Bei strahlendem Fr\u00fchlingswetter fand am Sonntag der 91. Steiger(Fr\u00fchjahrs)lauf in Erfurt statt. F\u00fcr Daniel geh\u00f6rt der 13\u2011Kilometer\u2011Lauf durch den Erfurter Steiger fest zum j\u00e4hrlichen Fr\u00fchjahrsprogramm \u2013 und auch in diesem Jahr zeigte er eine beeindruckende Leistung. Nachdem die L\u00e4ufer beim Lange\u2011Bahn\u2011Lauf in Suhl eine Woche zuvor noch mit 7\u202f\u00b0C und Dauerregen zu k\u00e4mpfen hatten, pr\u00e4sentierte &hellip; <\/p>\n<p class=\"link-more\"><a href=\"https:\/\/www.bierfassheberverein.de\/wordpress\/?p=69006\" class=\"more-link\"><span class=\"screen-reader-text\">\u201e26.04.2026 &#8211; 91. Steiger(Fr\u00fchjahrs)lauf in Erfurt\u201c <\/span>weiterlesen<\/a><\/p>\n","protected":false},"author":1,"featured_media":0,"comment_status":"open","ping_status":"closed","sticky":false,"template":"","format":"standard","meta":{"ngg_post_thumbnail":0,"footnotes":""},"categories":[1],"tags":[],"class_list":["post-69006","post","type-post","status-publish","format-standard","hentry","category-allgemein"],"_links":{"self":[{"href":"https:\/\/www.bierfassheberverein.de\/wordpress\/index.php?rest_route=\/wp\/v2\/posts\/69006","targetHints":{"allow":["GET"]}}],"collection":[{"href":"https:\/\/www.bierfassheberverein.de\/wordpress\/index.php?rest_route=\/wp\/v2\/posts"}],"about":[{"href":"https:\/\/www.bierfassheberverein.de\/wordpress\/index.php?rest_route=\/wp\/v2\/types\/post"}],"author":[{"embeddable":true,"href":"https:\/\/www.bierfassheberverein.de\/wordpress\/index.php?rest_route=\/wp\/v2\/users\/1"}],"replies":[{"embeddable":true,"href":"https:\/\/www.bierfassheberverein.de\/wordpress\/index.php?rest_route=%2Fwp%2Fv2%2Fcomments&post=69006"}],"version-history":[{"count":1,"href":"https:\/\/www.bierfassheberverein.de\/wordpress\/index.php?rest_route=\/wp\/v2\/posts\/69006\/revisions"}],"predecessor-version":[{"id":69010,"href":"https:\/\/www.bierfassheberverein.de\/wordpress\/index.php?rest_route=\/wp\/v2\/posts\/69006\/revisions\/69010"}],"wp:attachment":[{"href":"https:\/\/www.bierfassheberverein.de\/wordpress\/index.php?rest_route=%2Fwp%2Fv2%2Fmedia&parent=69006"}],"wp:term":[{"taxonomy":"category","embeddable":true,"href":"https:\/\/www.bierfassheberverein.de\/wordpress\/index.php?rest_route=%2Fwp%2Fv2%2Fcategories&post=69006"},{"taxonomy":"post_tag","embeddable":true,"href":"https:\/\/www.bierfassheberverein.de\/wordpress\/index.php?rest_route=%2Fwp%2Fv2%2Ftags&post=69006"}],"curies":[{"name":"wp","href":"https:\/\/api.w.org\/{rel}","templated":true}]}}