{"id":68610,"date":"2026-03-14T00:00:47","date_gmt":"2026-03-13T23:00:47","guid":{"rendered":"https:\/\/www.bierfassheberverein.de\/wordpress\/?p=68610"},"modified":"2026-03-15T08:48:28","modified_gmt":"2026-03-15T07:48:28","slug":"14-03-2026-erfolgreicher-wettkampftag-in-guenstedt-unsere-jugend-glaenzt-im-kraftdreikampf","status":"publish","type":"post","link":"https:\/\/www.bierfassheberverein.de\/wordpress\/?p=68610","title":{"rendered":"14.03.2026 &#8211; Erfolgreicher Wettkampftag in G\u00fcnstedt: Unsere Jugend gl\u00e4nzt im Kraftdreikampf"},"content":{"rendered":"<p><b><a href=\"https:\/\/www.bierfassheberverein.de\/wordpress\/index.php\/nggallery\/wk-2026\/tlm-kdk-jugendmannschaft-r1-2026?page_id=68604\"><img loading=\"lazy\" decoding=\"async\" class=\"alignright size-medium wp-image-68613\" src=\"https:\/\/www.bierfassheberverein.de\/wordpress\/wp-content\/uploads\/2026\/03\/TLM_KDK_Jugendmannschaft_R1_2026_032-300x225.jpg\" alt=\"\" width=\"300\" height=\"225\" srcset=\"https:\/\/www.bierfassheberverein.de\/wordpress\/wp-content\/uploads\/2026\/03\/TLM_KDK_Jugendmannschaft_R1_2026_032-300x225.jpg 300w, https:\/\/www.bierfassheberverein.de\/wordpress\/wp-content\/uploads\/2026\/03\/TLM_KDK_Jugendmannschaft_R1_2026_032-800x600.jpg 800w, https:\/\/www.bierfassheberverein.de\/wordpress\/wp-content\/uploads\/2026\/03\/TLM_KDK_Jugendmannschaft_R1_2026_032-768x576.jpg 768w, https:\/\/www.bierfassheberverein.de\/wordpress\/wp-content\/uploads\/2026\/03\/TLM_KDK_Jugendmannschaft_R1_2026_032-1536x1152.jpg 1536w, https:\/\/www.bierfassheberverein.de\/wordpress\/wp-content\/uploads\/2026\/03\/TLM_KDK_Jugendmannschaft_R1_2026_032.jpg 1600w\" sizes=\"auto, (max-width: 300px) 100vw, 300px\" \/><\/a>G\u00fcnstedt<\/b> \u2013 Am 14.03.2026 standen Kraft, Technik und Teamgeist im Mittelpunkt: In G\u00fcnstedt fanden die offene Landesmeisterschaft im Kraftdreikampf der Jugend sowie die 1. Runde der Th\u00fcringer Landesmannschaftsmeisterschaft in den gleichen Altersklassen statt. Ausgerichtet wurde das Event vom Kraftsportverein Wei\u00dfensee e.V., der f\u00fcr hervorragende Wettkampfbedingungen sorgte.<\/p>\n<p>F\u00fcr unseren Verein traten die Sportfreunde <b>Tim Berkner, Cedric Marold und Niklas Fiedler<\/b> an die Hantel \u2013 und sie haben auf ganzer Linie abgeliefert!<!--more--><\/p>\n<h2 class=\"western\">Gold f\u00fcr die Mannschaft<\/h2>\n<p>Unsere Jungs haben alle drei absolute Klasse-Leistungen gezeigt und ihre Nerven auf der Wettkampfb\u00fchne behalten. Der Einsatz im Training hat sich bezahlt gemacht: Das Trio belohnte sich selbst und unseren Verein mit einem fantastischen <b>1. Platz<\/b> in der Mannschaftswertung der 1. Runde. Ein perfekter Start in die Mannschaftsmeisterschaft!<\/p>\n<h2 class=\"western\">Starke Platzierungen in der Einzelwertung<\/h2>\n<p><a href=\"https:\/\/www.bierfassheberverein.de\/wordpress\/wp-content\/uploads\/2026\/03\/TLM_KDK_Jugendmannschaft_R1_2026_033.jpg\" rel=\"lightbox-0\"><img loading=\"lazy\" decoding=\"async\" class=\"alignright size-medium wp-image-68614\" src=\"https:\/\/www.bierfassheberverein.de\/wordpress\/wp-content\/uploads\/2026\/03\/TLM_KDK_Jugendmannschaft_R1_2026_033-225x300.jpg\" alt=\"\" width=\"225\" height=\"300\" srcset=\"https:\/\/www.bierfassheberverein.de\/wordpress\/wp-content\/uploads\/2026\/03\/TLM_KDK_Jugendmannschaft_R1_2026_033-225x300.jpg 225w, https:\/\/www.bierfassheberverein.de\/wordpress\/wp-content\/uploads\/2026\/03\/TLM_KDK_Jugendmannschaft_R1_2026_033-600x800.jpg 600w, https:\/\/www.bierfassheberverein.de\/wordpress\/wp-content\/uploads\/2026\/03\/TLM_KDK_Jugendmannschaft_R1_2026_033-768x1024.jpg 768w, https:\/\/www.bierfassheberverein.de\/wordpress\/wp-content\/uploads\/2026\/03\/TLM_KDK_Jugendmannschaft_R1_2026_033.jpg 900w\" sizes=\"auto, (max-width: 225px) 100vw, 225px\" \/><\/a>Auch in den stark umk\u00e4mpften Einzelwertungen konnten sich unsere Athleten beweisen und gro\u00dfartige Platzierungen erk\u00e4mpfen:<\/p>\n<ul>\n<li style=\"list-style-type: none;\">\n<ul>\n<li>&#x1f948; <b>2. Platz:<\/b> Tim Berkner<\/li>\n<li>&#x1f3c5; <b>5. Platz:<\/b> Cedric Marold<\/li>\n<li>&#x1f3c5; <b>7. Platz:<\/b> Niklas Fiedler<\/li>\n<\/ul>\n<\/li>\n<\/ul>\n<p>Wir gratulieren Tim, Cedric und Niklas zu diesen gro\u00dfartigen Erfolgen. Ihr habt unseren Verein hervorragend repr\u00e4sentiert und gezeigt, was mit hartem Training und Teamgeist m\u00f6glich ist. Weiter so, Jungs!<\/p>\n<p>&nbsp;<\/p>\n<p>Ergebnisliste:<\/p>\n<p><a href=\"https:\/\/www.bierfassheberverein.de\/wordpress\/wp-content\/uploads\/2026\/03\/TLM_Jugend_2026_Ergebnis.jpeg\" rel=\"lightbox-1\"><img loading=\"lazy\" decoding=\"async\" class=\"alignnone size-medium wp-image-68616\" src=\"https:\/\/www.bierfassheberverein.de\/wordpress\/wp-content\/uploads\/2026\/03\/TLM_Jugend_2026_Ergebnis-300x139.jpeg\" alt=\"\" width=\"300\" height=\"139\" srcset=\"https:\/\/www.bierfassheberverein.de\/wordpress\/wp-content\/uploads\/2026\/03\/TLM_Jugend_2026_Ergebnis-300x139.jpeg 300w, https:\/\/www.bierfassheberverein.de\/wordpress\/wp-content\/uploads\/2026\/03\/TLM_Jugend_2026_Ergebnis-800x370.jpeg 800w, https:\/\/www.bierfassheberverein.de\/wordpress\/wp-content\/uploads\/2026\/03\/TLM_Jugend_2026_Ergebnis-768x355.jpeg 768w, https:\/\/www.bierfassheberverein.de\/wordpress\/wp-content\/uploads\/2026\/03\/TLM_Jugend_2026_Ergebnis-1536x710.jpeg 1536w, https:\/\/www.bierfassheberverein.de\/wordpress\/wp-content\/uploads\/2026\/03\/TLM_Jugend_2026_Ergebnis.jpeg 2048w\" sizes=\"auto, (max-width: 300px) 100vw, 300px\" \/><\/a><\/p>\n","protected":false},"excerpt":{"rendered":"<p>G\u00fcnstedt \u2013 Am 14.03.2026 standen Kraft, Technik und Teamgeist im Mittelpunkt: In G\u00fcnstedt fanden die offene Landesmeisterschaft im Kraftdreikampf der Jugend sowie die 1. Runde der Th\u00fcringer Landesmannschaftsmeisterschaft in den gleichen Altersklassen statt. Ausgerichtet wurde das Event vom Kraftsportverein Wei\u00dfensee e.V., der f\u00fcr hervorragende Wettkampfbedingungen sorgte. F\u00fcr unseren Verein traten die Sportfreunde Tim Berkner, Cedric &hellip; <\/p>\n<p class=\"link-more\"><a href=\"https:\/\/www.bierfassheberverein.de\/wordpress\/?p=68610\" class=\"more-link\"><span class=\"screen-reader-text\">\u201e14.03.2026 &#8211; Erfolgreicher Wettkampftag in G\u00fcnstedt: Unsere Jugend gl\u00e4nzt im Kraftdreikampf\u201c <\/span>weiterlesen<\/a><\/p>\n","protected":false},"author":1,"featured_media":0,"comment_status":"open","ping_status":"closed","sticky":false,"template":"","format":"standard","meta":{"ngg_post_thumbnail":0,"footnotes":""},"categories":[6],"tags":[],"class_list":["post-68610","post","type-post","status-publish","format-standard","hentry","category-wettkampfe"],"_links":{"self":[{"href":"https:\/\/www.bierfassheberverein.de\/wordpress\/index.php?rest_route=\/wp\/v2\/posts\/68610","targetHints":{"allow":["GET"]}}],"collection":[{"href":"https:\/\/www.bierfassheberverein.de\/wordpress\/index.php?rest_route=\/wp\/v2\/posts"}],"about":[{"href":"https:\/\/www.bierfassheberverein.de\/wordpress\/index.php?rest_route=\/wp\/v2\/types\/post"}],"author":[{"embeddable":true,"href":"https:\/\/www.bierfassheberverein.de\/wordpress\/index.php?rest_route=\/wp\/v2\/users\/1"}],"replies":[{"embeddable":true,"href":"https:\/\/www.bierfassheberverein.de\/wordpress\/index.php?rest_route=%2Fwp%2Fv2%2Fcomments&post=68610"}],"version-history":[{"count":7,"href":"https:\/\/www.bierfassheberverein.de\/wordpress\/index.php?rest_route=\/wp\/v2\/posts\/68610\/revisions"}],"predecessor-version":[{"id":68655,"href":"https:\/\/www.bierfassheberverein.de\/wordpress\/index.php?rest_route=\/wp\/v2\/posts\/68610\/revisions\/68655"}],"wp:attachment":[{"href":"https:\/\/www.bierfassheberverein.de\/wordpress\/index.php?rest_route=%2Fwp%2Fv2%2Fmedia&parent=68610"}],"wp:term":[{"taxonomy":"category","embeddable":true,"href":"https:\/\/www.bierfassheberverein.de\/wordpress\/index.php?rest_route=%2Fwp%2Fv2%2Fcategories&post=68610"},{"taxonomy":"post_tag","embeddable":true,"href":"https:\/\/www.bierfassheberverein.de\/wordpress\/index.php?rest_route=%2Fwp%2Fv2%2Ftags&post=68610"}],"curies":[{"name":"wp","href":"https:\/\/api.w.org\/{rel}","templated":true}]}}