{"id":68520,"date":"2026-03-08T00:00:15","date_gmt":"2026-03-07T23:00:15","guid":{"rendered":"https:\/\/www.bierfassheberverein.de\/wordpress\/?p=68520"},"modified":"2026-04-11T06:15:16","modified_gmt":"2026-04-11T05:15:16","slug":"08-03-2026-tlm-kraftdreikampf-mannschaft-in-erfurt-r1","status":"publish","type":"post","link":"https:\/\/www.bierfassheberverein.de\/wordpress\/?p=68520","title":{"rendered":"08.03.2026 \u2013 TLM Kraftdreikampf Mannschaft in Erfurt R1"},"content":{"rendered":"<p><a href=\"https:\/\/www.bierfassheberverein.de\/wordpress\/index.php\/nggallery\/wk-2026\/tlm-kdk-mannschaft-r1-2026?page_id=68604\"><img loading=\"lazy\" decoding=\"async\" class=\"alignright size-medium wp-image-68521\" src=\"https:\/\/www.bierfassheberverein.de\/wordpress\/wp-content\/uploads\/2026\/03\/TLM_KDK_Mannschaft_R1_2026_997-300x171.jpeg\" alt=\"\" width=\"300\" height=\"171\" srcset=\"https:\/\/www.bierfassheberverein.de\/wordpress\/wp-content\/uploads\/2026\/03\/TLM_KDK_Mannschaft_R1_2026_997-300x171.jpeg 300w, https:\/\/www.bierfassheberverein.de\/wordpress\/wp-content\/uploads\/2026\/03\/TLM_KDK_Mannschaft_R1_2026_997-800x455.jpeg 800w, https:\/\/www.bierfassheberverein.de\/wordpress\/wp-content\/uploads\/2026\/03\/TLM_KDK_Mannschaft_R1_2026_997-768x437.jpeg 768w, https:\/\/www.bierfassheberverein.de\/wordpress\/wp-content\/uploads\/2026\/03\/TLM_KDK_Mannschaft_R1_2026_997-1536x874.jpeg 1536w, https:\/\/www.bierfassheberverein.de\/wordpress\/wp-content\/uploads\/2026\/03\/TLM_KDK_Mannschaft_R1_2026_997-2048x1166.jpeg 2048w\" sizes=\"auto, (max-width: 300px) 100vw, 300px\" \/><\/a>Saisonauftakt nach Ma\u00df: Bierfassheber stemmen sich an die Spitze!<\/p>\n<p>Der Startschuss f\u00fcr die Th\u00fcringer Landesmannschaftsmeisterschaft im Kraftdreikampf ist gefallen! In der ersten Runde haben wir Gothaer Bierfassheber direkt ein deutliches Ausrufezeichen gesetzt. Mit einer geschlossenen Mannschaftsleistung und der gewohnten \u201eBierfassheber-Mentalit\u00e4t\u201c konnten wir uns eine hervorragende Ausgangsposition f\u00fcr die R\u00fcckrunde erarbeiten.<!--more--><\/p>\n<p>Der Wettkampfverlauf:<\/p>\n<p>Von Beginn an herrschte in der Erfurt eine elektrische Stimmung. Unser Team trat gewohnt selbstbewusst auf, auch wenn die Konkurrenz \u2013 insbesondere die starken Heber aus Lobenstein und die Gastgeber vom SAV Erfurt \u2013 uns ordentlich unter Druck setzten.<\/p>\n<p>Kniebeugen: Ein solider Start. Unsere Heber behielten die Nerven und brachten die geplanten Einstiegsgewichte sicher in die Wertung. Unser Sportfreund Paul Munkel bew\u00e4ltigte mit 255 kg das h\u00f6chste Gewicht an diesem Wettkampftag im Kniebeugen. St\u00e4rkste Frau im Kniebeugen wurde unsere Sportfreundin Hannah-Theresa Hierl mit gebeugten 152,5 kg.<\/p>\n<p>Bankdr\u00fccken: Hier konnten wir traditionell punkten. Die technischen Anpassungen der letzten Trainingswochen zahlten sich aus. Mit sauberen Versuchen konnten wir wertvolle Relativpunkte sammeln und den Vorsprung auf die Verfolger ausbauen. Mit gro\u00dfer Freude konnten wir heute einen neuen Th\u00fcringer Landesrekord miterleben. Hannah dr\u00fcckte in Ihrer Gewichts- und Altersklasse mit 103 kg neuen Th\u00fcringer Landesrekord. Echt Stark!<\/p>\n<p>Kreuzheben: Das dicke Ende kommt bekanntlich zum Schluss. In der &#8222;K\u00f6nigsdisziplin&#8220; des KDK bewies unser Team echten Kampfgeist. W\u00e4hrend die H\u00e4nde brannten und die Lasten stiegen, peitschten die mitgereisten Fans jeden Athleten nach oben. Und so zeigte Hannah-Theresa Hierl auch im Kreuzheben welche Energie in ihr steckt. Mit 184,5 gezogenen Kilogram hob Hannah auch im Kraftdreikampf einen neuen Th\u00fcringer Landesrekord. Nach ihrem erfolgreichen Versuch tobte der Saal. Sportfreund Paul Munkel tat es ihr gleich und zog sich mit Wahninnigen 318 kg in den neuen Th\u00fcringer Landesrekord seiner Gewichts- und Altersklasse.<\/p>\n<p>Das Ergebnis im \u00dcberblick<\/p>\n<p>Die erste Mannschaft des Gothaer Bierfassheber steht nach der 1. Runde ganz oben in der Tabelle und die zweite Mannschaft auf dem dritten Platz.<\/p>\n<p><a href=\"https:\/\/www.bierfassheberverein.de\/wordpress\/wp-content\/uploads\/2026\/03\/Uebersicht-1-Runde-TLMM-KDK-2026.jpg\" rel=\"lightbox-0\"><img loading=\"lazy\" decoding=\"async\" class=\"aligncenter wp-image-68522 size-large\" src=\"https:\/\/www.bierfassheberverein.de\/wordpress\/wp-content\/uploads\/2026\/03\/Uebersicht-1-Runde-TLMM-KDK-2026-800x285.jpg\" alt=\"\" width=\"525\" height=\"187\" srcset=\"https:\/\/www.bierfassheberverein.de\/wordpress\/wp-content\/uploads\/2026\/03\/Uebersicht-1-Runde-TLMM-KDK-2026-800x285.jpg 800w, https:\/\/www.bierfassheberverein.de\/wordpress\/wp-content\/uploads\/2026\/03\/Uebersicht-1-Runde-TLMM-KDK-2026-300x107.jpg 300w, https:\/\/www.bierfassheberverein.de\/wordpress\/wp-content\/uploads\/2026\/03\/Uebersicht-1-Runde-TLMM-KDK-2026-768x274.jpg 768w, https:\/\/www.bierfassheberverein.de\/wordpress\/wp-content\/uploads\/2026\/03\/Uebersicht-1-Runde-TLMM-KDK-2026-1536x547.jpg 1536w, https:\/\/www.bierfassheberverein.de\/wordpress\/wp-content\/uploads\/2026\/03\/Uebersicht-1-Runde-TLMM-KDK-2026-2048x730.jpg 2048w\" sizes=\"auto, (max-width: 525px) 100vw, 525px\" \/><\/a><\/p>\n<p>Es bleibt jedoch ein enges Rennen und das l\u00e4sst auf eine extrem spannende R\u00fcckrunde hoffen!<\/p>\n<p>Fazit &amp; Ausblick<\/p>\n<p>Wir sind stolz auf die erbrachten Leistungen, wissen aber auch, dass der Sack noch nicht zugemacht ist. Die Konkurrenz wird in der R\u00fcckrunde alles daran setzen, den R\u00fcckstand aufzuholen. F\u00fcr uns hei\u00dft es jetzt: Verletzungsfrei bleiben, die kleinen technischen Fehler ausmerzen und im Training noch einmal eine Schippe drauflegen.<\/p>\n<p>Ein riesiges Dankesch\u00f6n geht an den SAV Erfurt f\u00fcr die Organisation und an alle Helfer und Unterst\u00fctzer, die diesen ersten Wettkampftag des Jahres 2026 zu einem Erfolg gemacht haben.<\/p>\n<p>N\u00e4chster Halt: Die R\u00fcckrunde am 09. Mai sowie die kommende Jugendmeisterschaft in G\u00fcnstedt n\u00e4chsten Samstag.<\/p>\n<p>Wir sind bereit!<\/p>\n<p>Ergebnisliste:<\/p>\n<p><a href=\"https:\/\/www.bierfassheberverein.de\/wordpress\/wp-content\/uploads\/2026\/03\/1.-Runde-TLMM-KDK-2026.pdf\" target=\"_blank\" rel=\"noopener\"><img loading=\"lazy\" decoding=\"async\" class=\"alignnone size-thumbnail wp-image-67391\" src=\"https:\/\/www.bierfassheberverein.de\/wordpress\/wp-content\/uploads\/2025\/01\/Ergebnisse-1.-Runde-TLMM-KDK-2025-150x150.jpg\" alt=\"\" width=\"150\" height=\"150\" srcset=\"https:\/\/www.bierfassheberverein.de\/wordpress\/wp-content\/uploads\/2025\/01\/Ergebnisse-1.-Runde-TLMM-KDK-2025-150x150.jpg 150w, https:\/\/www.bierfassheberverein.de\/wordpress\/wp-content\/uploads\/2025\/01\/Ergebnisse-1.-Runde-TLMM-KDK-2025-100x100.jpg 100w\" sizes=\"auto, (max-width: 150px) 100vw, 150px\" \/><\/a><\/p>\n<p>Pressemitteilungen:<\/p>\n<p><a href=\"https:\/\/www.bierfassheberverein.de\/wordpress\/wp-content\/uploads\/2026\/03\/TA_Artikel_20260308.jpeg\" rel=\"lightbox-1\"><img loading=\"lazy\" decoding=\"async\" class=\"alignnone size-thumbnail wp-image-68851\" src=\"https:\/\/www.bierfassheberverein.de\/wordpress\/wp-content\/uploads\/2026\/03\/TA_Artikel_20260308-150x150.jpeg\" alt=\"\" width=\"150\" height=\"150\" srcset=\"https:\/\/www.bierfassheberverein.de\/wordpress\/wp-content\/uploads\/2026\/03\/TA_Artikel_20260308-150x150.jpeg 150w, https:\/\/www.bierfassheberverein.de\/wordpress\/wp-content\/uploads\/2026\/03\/TA_Artikel_20260308-100x100.jpeg 100w\" sizes=\"auto, (max-width: 150px) 100vw, 150px\" \/> <\/a><a href=\"https:\/\/www.bierfassheberverein.de\/wordpress\/wp-content\/uploads\/2026\/03\/TA_Artikel_20260402.jpeg\" rel=\"lightbox-2\"><img loading=\"lazy\" decoding=\"async\" class=\"alignnone size-thumbnail wp-image-68853\" src=\"https:\/\/www.bierfassheberverein.de\/wordpress\/wp-content\/uploads\/2026\/03\/TA_Artikel_20260402-150x150.jpeg\" alt=\"\" width=\"150\" height=\"150\" srcset=\"https:\/\/www.bierfassheberverein.de\/wordpress\/wp-content\/uploads\/2026\/03\/TA_Artikel_20260402-150x150.jpeg 150w, https:\/\/www.bierfassheberverein.de\/wordpress\/wp-content\/uploads\/2026\/03\/TA_Artikel_20260402-100x100.jpeg 100w\" sizes=\"auto, (max-width: 150px) 100vw, 150px\" \/><\/a><\/p>\n<p><sub>Quelle: Th\u00fcringer Allgemeine vom 02.04.2026<\/sub><\/p>\n","protected":false},"excerpt":{"rendered":"<p>Saisonauftakt nach Ma\u00df: Bierfassheber stemmen sich an die Spitze! Der Startschuss f\u00fcr die Th\u00fcringer Landesmannschaftsmeisterschaft im Kraftdreikampf ist gefallen! In der ersten Runde haben wir Gothaer Bierfassheber direkt ein deutliches Ausrufezeichen gesetzt. Mit einer geschlossenen Mannschaftsleistung und der gewohnten \u201eBierfassheber-Mentalit\u00e4t\u201c konnten wir uns eine hervorragende Ausgangsposition f\u00fcr die R\u00fcckrunde erarbeiten.<\/p>\n","protected":false},"author":1,"featured_media":0,"comment_status":"open","ping_status":"closed","sticky":false,"template":"","format":"standard","meta":{"ngg_post_thumbnail":0,"footnotes":""},"categories":[6],"tags":[],"class_list":["post-68520","post","type-post","status-publish","format-standard","hentry","category-wettkampfe"],"_links":{"self":[{"href":"https:\/\/www.bierfassheberverein.de\/wordpress\/index.php?rest_route=\/wp\/v2\/posts\/68520","targetHints":{"allow":["GET"]}}],"collection":[{"href":"https:\/\/www.bierfassheberverein.de\/wordpress\/index.php?rest_route=\/wp\/v2\/posts"}],"about":[{"href":"https:\/\/www.bierfassheberverein.de\/wordpress\/index.php?rest_route=\/wp\/v2\/types\/post"}],"author":[{"embeddable":true,"href":"https:\/\/www.bierfassheberverein.de\/wordpress\/index.php?rest_route=\/wp\/v2\/users\/1"}],"replies":[{"embeddable":true,"href":"https:\/\/www.bierfassheberverein.de\/wordpress\/index.php?rest_route=%2Fwp%2Fv2%2Fcomments&post=68520"}],"version-history":[{"count":9,"href":"https:\/\/www.bierfassheberverein.de\/wordpress\/index.php?rest_route=\/wp\/v2\/posts\/68520\/revisions"}],"predecessor-version":[{"id":68855,"href":"https:\/\/www.bierfassheberverein.de\/wordpress\/index.php?rest_route=\/wp\/v2\/posts\/68520\/revisions\/68855"}],"wp:attachment":[{"href":"https:\/\/www.bierfassheberverein.de\/wordpress\/index.php?rest_route=%2Fwp%2Fv2%2Fmedia&parent=68520"}],"wp:term":[{"taxonomy":"category","embeddable":true,"href":"https:\/\/www.bierfassheberverein.de\/wordpress\/index.php?rest_route=%2Fwp%2Fv2%2Fcategories&post=68520"},{"taxonomy":"post_tag","embeddable":true,"href":"https:\/\/www.bierfassheberverein.de\/wordpress\/index.php?rest_route=%2Fwp%2Fv2%2Ftags&post=68520"}],"curies":[{"name":"wp","href":"https:\/\/api.w.org\/{rel}","templated":true}]}}