{"id":66966,"date":"2024-08-10T00:10:05","date_gmt":"2024-08-09T23:10:05","guid":{"rendered":"https:\/\/www.bierfassheberverein.de\/wordpress\/?p=66966"},"modified":"2024-08-25T07:52:46","modified_gmt":"2024-08-25T06:52:46","slug":"10-08-2024-dirk-wird-60","status":"publish","type":"post","link":"https:\/\/www.bierfassheberverein.de\/wordpress\/?p=66966","title":{"rendered":"10.08.2024 &#8211; Dirk wird 60"},"content":{"rendered":"<p><a href=\"https:\/\/www.bierfassheberverein.de\/wordpress\/wp-content\/uploads\/2024\/08\/TLM_BD_Mannschaft_R1_2024_038.jpg\" rel=\"lightbox-0\"><img loading=\"lazy\" decoding=\"async\" class=\"alignright size-medium wp-image-66967\" src=\"https:\/\/www.bierfassheberverein.de\/wordpress\/wp-content\/uploads\/2024\/08\/TLM_BD_Mannschaft_R1_2024_038-300x225.jpg\" alt=\"\" width=\"300\" height=\"225\" srcset=\"https:\/\/www.bierfassheberverein.de\/wordpress\/wp-content\/uploads\/2024\/08\/TLM_BD_Mannschaft_R1_2024_038-300x225.jpg 300w, https:\/\/www.bierfassheberverein.de\/wordpress\/wp-content\/uploads\/2024\/08\/TLM_BD_Mannschaft_R1_2024_038-800x600.jpg 800w, https:\/\/www.bierfassheberverein.de\/wordpress\/wp-content\/uploads\/2024\/08\/TLM_BD_Mannschaft_R1_2024_038-768x576.jpg 768w, https:\/\/www.bierfassheberverein.de\/wordpress\/wp-content\/uploads\/2024\/08\/TLM_BD_Mannschaft_R1_2024_038-1536x1152.jpg 1536w, https:\/\/www.bierfassheberverein.de\/wordpress\/wp-content\/uploads\/2024\/08\/TLM_BD_Mannschaft_R1_2024_038.jpg 1600w\" sizes=\"auto, (max-width: 300px) 100vw, 300px\" \/><\/a>Am 10. August 2024 wurde unser Mitglied und Sportfreund Dirk Schauf sechzig Jahre alt.<\/p>\n<p>Dirk ist einer der 45 Gr\u00fcndungsmitglieder die am 18. August 1994 den Gothaer Bierfassheberverein e.V. gr\u00fcndeten.<\/p>\n<p>Zu unserer Th\u00fcringer Landesmannschaftsmeisterschaft im Bankdr\u00fccken nutzten wir die Gelegenheit Dirk zu seinem Jubil\u00e4um publikumswirksam zu gratulieren.<!--more--><\/p>\n<p>Wie jeder Jubilar im Gothaer Bierfassheberverein bekam auch Dirk ein Geburtstagsgeschenk \u00fcberreicht.<\/p>\n<p>\u00dcber den sch\u00f6nen Wurstkorb vom Hoflanden Kley aus Bufleben, hat sich das Geburtstagskind sehr gefreut.<\/p>\n<p>Wir w\u00fcnschen Dirk alles Gute, viel Gesundheit und das er dem Verein noch lange die Treue h\u00e4lt.<\/p>\n<p>Der Vorstand des Gothaer Bierfassheberverein e.V<\/p>\n","protected":false},"excerpt":{"rendered":"<p>Am 10. August 2024 wurde unser Mitglied und Sportfreund Dirk Schauf sechzig Jahre alt. Dirk ist einer der 45 Gr\u00fcndungsmitglieder die am 18. August 1994 den Gothaer Bierfassheberverein e.V. gr\u00fcndeten. Zu unserer Th\u00fcringer Landesmannschaftsmeisterschaft im Bankdr\u00fccken nutzten wir die Gelegenheit Dirk zu seinem Jubil\u00e4um publikumswirksam zu gratulieren.<\/p>\n","protected":false},"author":1,"featured_media":0,"comment_status":"open","ping_status":"closed","sticky":false,"template":"","format":"standard","meta":{"ngg_post_thumbnail":0,"footnotes":""},"categories":[5],"tags":[],"class_list":["post-66966","post","type-post","status-publish","format-standard","hentry","category-sonstiges"],"_links":{"self":[{"href":"https:\/\/www.bierfassheberverein.de\/wordpress\/index.php?rest_route=\/wp\/v2\/posts\/66966","targetHints":{"allow":["GET"]}}],"collection":[{"href":"https:\/\/www.bierfassheberverein.de\/wordpress\/index.php?rest_route=\/wp\/v2\/posts"}],"about":[{"href":"https:\/\/www.bierfassheberverein.de\/wordpress\/index.php?rest_route=\/wp\/v2\/types\/post"}],"author":[{"embeddable":true,"href":"https:\/\/www.bierfassheberverein.de\/wordpress\/index.php?rest_route=\/wp\/v2\/users\/1"}],"replies":[{"embeddable":true,"href":"https:\/\/www.bierfassheberverein.de\/wordpress\/index.php?rest_route=%2Fwp%2Fv2%2Fcomments&post=66966"}],"version-history":[{"count":2,"href":"https:\/\/www.bierfassheberverein.de\/wordpress\/index.php?rest_route=\/wp\/v2\/posts\/66966\/revisions"}],"predecessor-version":[{"id":66969,"href":"https:\/\/www.bierfassheberverein.de\/wordpress\/index.php?rest_route=\/wp\/v2\/posts\/66966\/revisions\/66969"}],"wp:attachment":[{"href":"https:\/\/www.bierfassheberverein.de\/wordpress\/index.php?rest_route=%2Fwp%2Fv2%2Fmedia&parent=66966"}],"wp:term":[{"taxonomy":"category","embeddable":true,"href":"https:\/\/www.bierfassheberverein.de\/wordpress\/index.php?rest_route=%2Fwp%2Fv2%2Fcategories&post=66966"},{"taxonomy":"post_tag","embeddable":true,"href":"https:\/\/www.bierfassheberverein.de\/wordpress\/index.php?rest_route=%2Fwp%2Fv2%2Ftags&post=66966"}],"curies":[{"name":"wp","href":"https:\/\/api.w.org\/{rel}","templated":true}]}}