{"id":65649,"date":"2023-09-16T00:00:39","date_gmt":"2023-09-15T23:00:39","guid":{"rendered":"https:\/\/www.bierfassheberverein.de\/wordpress\/?p=65649"},"modified":"2023-09-23T18:00:05","modified_gmt":"2023-09-23T17:00:05","slug":"16-09-2023-10-erfurt-marathon","status":"publish","type":"post","link":"https:\/\/www.bierfassheberverein.de\/wordpress\/?p=65649","title":{"rendered":"16.09.2023 &#8211; 10. Erfurt-Marathon"},"content":{"rendered":"<p><a href=\"https:\/\/www.bierfassheberverein.de\/wordpress\/wp-content\/uploads\/2023\/09\/10-Erfurt-Marathon_2023_001.jpeg\" rel=\"lightbox-0\"><img loading=\"lazy\" decoding=\"async\" class=\"alignright size-medium wp-image-65652\" src=\"https:\/\/www.bierfassheberverein.de\/wordpress\/wp-content\/uploads\/2023\/09\/10-Erfurt-Marathon_2023_001-300x225.jpeg\" alt=\"\" width=\"300\" height=\"225\" srcset=\"https:\/\/www.bierfassheberverein.de\/wordpress\/wp-content\/uploads\/2023\/09\/10-Erfurt-Marathon_2023_001-300x225.jpeg 300w, https:\/\/www.bierfassheberverein.de\/wordpress\/wp-content\/uploads\/2023\/09\/10-Erfurt-Marathon_2023_001-800x600.jpeg 800w, https:\/\/www.bierfassheberverein.de\/wordpress\/wp-content\/uploads\/2023\/09\/10-Erfurt-Marathon_2023_001-768x576.jpeg 768w, https:\/\/www.bierfassheberverein.de\/wordpress\/wp-content\/uploads\/2023\/09\/10-Erfurt-Marathon_2023_001-1536x1152.jpeg 1536w, https:\/\/www.bierfassheberverein.de\/wordpress\/wp-content\/uploads\/2023\/09\/10-Erfurt-Marathon_2023_001.jpeg 1600w\" sizes=\"auto, (max-width: 300px) 100vw, 300px\" \/><\/a>Der 10. Erfurt-Marathon stand am Samstag den 16. September 2023 an. Unser Sportfreund Daniel Kunter war nat\u00fcrlich dabei.<br \/>\nMit Lars Korn konnte Daniel einen sehr erfahrenen und starken L\u00e4ufer, als Ersatz f\u00fcr Philipp Pferner finden der zu diesem Lauf ausfiel.<\/p>\n<p>Sowohl f\u00fcr Lars wie f\u00fcr Daniel war es eine Premiere als Staffel bei einem Lauf anzutreten.<!--more--><\/p>\n<p>Es gingen 6 M\u00e4nner-Staffeln an den Start. Unsere zwei Sportfreunde setzten sich eine Zeit von ca die 3h f\u00fcr die Marathon Distanz.<br \/>\nLars war mit seiner Leistung, auf dem ersten Teil der Strecke, nicht ganz zufrieden. Der S\u00fcd-Th\u00fcringen-Trail und die dabei erlittene leichte Knieverletzung, hingen ihm noch in den Beinen. Er ben\u00f6tigte f\u00fcr die 21km 1h48min.<\/p>\n<p><a href=\"https:\/\/www.bierfassheberverein.de\/wordpress\/wp-content\/uploads\/2023\/09\/10-Erfurt-Marathon_2023_002.jpeg\" rel=\"lightbox-1\"><img loading=\"lazy\" decoding=\"async\" class=\"alignright size-medium wp-image-65651\" src=\"https:\/\/www.bierfassheberverein.de\/wordpress\/wp-content\/uploads\/2023\/09\/10-Erfurt-Marathon_2023_002-300x225.jpeg\" alt=\"\" width=\"300\" height=\"225\" srcset=\"https:\/\/www.bierfassheberverein.de\/wordpress\/wp-content\/uploads\/2023\/09\/10-Erfurt-Marathon_2023_002-300x225.jpeg 300w, https:\/\/www.bierfassheberverein.de\/wordpress\/wp-content\/uploads\/2023\/09\/10-Erfurt-Marathon_2023_002-800x600.jpeg 800w, https:\/\/www.bierfassheberverein.de\/wordpress\/wp-content\/uploads\/2023\/09\/10-Erfurt-Marathon_2023_002-768x576.jpeg 768w, https:\/\/www.bierfassheberverein.de\/wordpress\/wp-content\/uploads\/2023\/09\/10-Erfurt-Marathon_2023_002-1536x1152.jpeg 1536w, https:\/\/www.bierfassheberverein.de\/wordpress\/wp-content\/uploads\/2023\/09\/10-Erfurt-Marathon_2023_002.jpeg 1600w\" sizes=\"auto, (max-width: 300px) 100vw, 300px\" \/><\/a>Daniel hingegen war mit seiner Leistung, trotz vorangegangenem Urlaub, sehr zufrieden. F\u00fcr die zweiten 21km ben\u00f6tigte Daniel 1h und 19min.<\/p>\n<p>Am Ende ereichten die beiden den ersten Platz mit einer Gesamtlaufzeit von 3:07:41h.<br \/>\nLeider waren mal wieder nicht alle L\u00e4ufer, bis zum Ende geblieben, sodass einige Podestpl\u00e4tze frei blieben.<\/p>\n<p>&nbsp;<\/p>\n<p><a href=\"https:\/\/www.bierfassheberverein.de\/wordpress\/wp-content\/uploads\/2023\/09\/10-Erfurt-Marathon_2023_003.jpeg\" rel=\"lightbox-2\"><img loading=\"lazy\" decoding=\"async\" class=\"aligncenter size-medium wp-image-65650\" src=\"https:\/\/www.bierfassheberverein.de\/wordpress\/wp-content\/uploads\/2023\/09\/10-Erfurt-Marathon_2023_003-237x300.jpeg\" alt=\"\" width=\"237\" height=\"300\" srcset=\"https:\/\/www.bierfassheberverein.de\/wordpress\/wp-content\/uploads\/2023\/09\/10-Erfurt-Marathon_2023_003-237x300.jpeg 237w, https:\/\/www.bierfassheberverein.de\/wordpress\/wp-content\/uploads\/2023\/09\/10-Erfurt-Marathon_2023_003-631x800.jpeg 631w, https:\/\/www.bierfassheberverein.de\/wordpress\/wp-content\/uploads\/2023\/09\/10-Erfurt-Marathon_2023_003-768x973.jpeg 768w, https:\/\/www.bierfassheberverein.de\/wordpress\/wp-content\/uploads\/2023\/09\/10-Erfurt-Marathon_2023_003.jpeg 947w\" sizes=\"auto, (max-width: 237px) 100vw, 237px\" \/><\/a><\/p>\n","protected":false},"excerpt":{"rendered":"<p>Der 10. Erfurt-Marathon stand am Samstag den 16. September 2023 an. Unser Sportfreund Daniel Kunter war nat\u00fcrlich dabei. Mit Lars Korn konnte Daniel einen sehr erfahrenen und starken L\u00e4ufer, als Ersatz f\u00fcr Philipp Pferner finden der zu diesem Lauf ausfiel. Sowohl f\u00fcr Lars wie f\u00fcr Daniel war es eine Premiere als Staffel bei einem Lauf &hellip; <\/p>\n<p class=\"link-more\"><a href=\"https:\/\/www.bierfassheberverein.de\/wordpress\/?p=65649\" class=\"more-link\"><span class=\"screen-reader-text\">\u201e16.09.2023 &#8211; 10. Erfurt-Marathon\u201c <\/span>weiterlesen<\/a><\/p>\n","protected":false},"author":1,"featured_media":0,"comment_status":"open","ping_status":"closed","sticky":false,"template":"","format":"standard","meta":{"ngg_post_thumbnail":0,"footnotes":""},"categories":[5],"tags":[],"class_list":["post-65649","post","type-post","status-publish","format-standard","hentry","category-sonstiges"],"_links":{"self":[{"href":"https:\/\/www.bierfassheberverein.de\/wordpress\/index.php?rest_route=\/wp\/v2\/posts\/65649","targetHints":{"allow":["GET"]}}],"collection":[{"href":"https:\/\/www.bierfassheberverein.de\/wordpress\/index.php?rest_route=\/wp\/v2\/posts"}],"about":[{"href":"https:\/\/www.bierfassheberverein.de\/wordpress\/index.php?rest_route=\/wp\/v2\/types\/post"}],"author":[{"embeddable":true,"href":"https:\/\/www.bierfassheberverein.de\/wordpress\/index.php?rest_route=\/wp\/v2\/users\/1"}],"replies":[{"embeddable":true,"href":"https:\/\/www.bierfassheberverein.de\/wordpress\/index.php?rest_route=%2Fwp%2Fv2%2Fcomments&post=65649"}],"version-history":[{"count":1,"href":"https:\/\/www.bierfassheberverein.de\/wordpress\/index.php?rest_route=\/wp\/v2\/posts\/65649\/revisions"}],"predecessor-version":[{"id":65653,"href":"https:\/\/www.bierfassheberverein.de\/wordpress\/index.php?rest_route=\/wp\/v2\/posts\/65649\/revisions\/65653"}],"wp:attachment":[{"href":"https:\/\/www.bierfassheberverein.de\/wordpress\/index.php?rest_route=%2Fwp%2Fv2%2Fmedia&parent=65649"}],"wp:term":[{"taxonomy":"category","embeddable":true,"href":"https:\/\/www.bierfassheberverein.de\/wordpress\/index.php?rest_route=%2Fwp%2Fv2%2Fcategories&post=65649"},{"taxonomy":"post_tag","embeddable":true,"href":"https:\/\/www.bierfassheberverein.de\/wordpress\/index.php?rest_route=%2Fwp%2Fv2%2Ftags&post=65649"}],"curies":[{"name":"wp","href":"https:\/\/api.w.org\/{rel}","templated":true}]}}