{"id":65626,"date":"2023-09-10T00:00:40","date_gmt":"2023-09-09T23:00:40","guid":{"rendered":"https:\/\/www.bierfassheberverein.de\/wordpress\/?p=65626"},"modified":"2023-09-16T06:20:06","modified_gmt":"2023-09-16T05:20:06","slug":"10-09-2023-7-suedthueringentrail","status":"publish","type":"post","link":"https:\/\/www.bierfassheberverein.de\/wordpress\/?p=65626","title":{"rendered":"10.09.2023 &#8211; 7. S\u00fcdth\u00fcringentrail"},"content":{"rendered":"<p><a href=\"https:\/\/www.bierfassheberverein.de\/wordpress\/wp-content\/uploads\/2023\/09\/Suedthueringentrail_2023_006.jpg\" rel=\"lightbox-0\"><img loading=\"lazy\" decoding=\"async\" class=\"alignright size-medium wp-image-65627\" src=\"https:\/\/www.bierfassheberverein.de\/wordpress\/wp-content\/uploads\/2023\/09\/Suedthueringentrail_2023_006-193x300.jpg\" alt=\"\" width=\"193\" height=\"300\" srcset=\"https:\/\/www.bierfassheberverein.de\/wordpress\/wp-content\/uploads\/2023\/09\/Suedthueringentrail_2023_006-193x300.jpg 193w, https:\/\/www.bierfassheberverein.de\/wordpress\/wp-content\/uploads\/2023\/09\/Suedthueringentrail_2023_006-514x800.jpg 514w, https:\/\/www.bierfassheberverein.de\/wordpress\/wp-content\/uploads\/2023\/09\/Suedthueringentrail_2023_006-768x1196.jpg 768w, https:\/\/www.bierfassheberverein.de\/wordpress\/wp-content\/uploads\/2023\/09\/Suedthueringentrail_2023_006-986x1536.jpg 986w, https:\/\/www.bierfassheberverein.de\/wordpress\/wp-content\/uploads\/2023\/09\/Suedthueringentrail_2023_006.jpg 1125w\" sizes=\"auto, (max-width: 193px) 100vw, 193px\" \/><\/a>Am vergangenen Samstag hies es f\u00fcr unseren Lauffreund Steffen Heinze wieder Laufschuhe schn\u00fcren und ab auf die Trails. Dieses Mal wieder beim S\u00fcdth\u00fcringentrail rund um Suhl, der bei Steffen fest im Wettkampfkalender eingeplant ist. Wie im vergangenen Jahr hat sich Steffen f\u00fcr den &#8222;langen Kanten&#8220; \u00fcber ca. 65 km und rund 2.500 H\u00f6henmetern Antiegen entschieden.<\/p>\n<p><!--more-->&#8222;Ich konnte im letzten Jahr nicht meine Leistung abrufen, da ich mit gesundheitlichen Problemen zu k\u00e4mpfen hatte. Deshalb wollte ich es dieses Jahr nochmal wissen und der Start hat sich gelohnt&#8220;, so Steffen nach dem Zieleinlauf.<\/p>\n<p>Und wie es sich gelohnt hat! Mit einer Fabelzeit von 07:58:14 Stunden hat er seine Vorjahreszeit um \u00fcber eine Stunde verbessern k\u00f6nnen und reiht sich damit im vorderen Feld ein (Platz 27 von 150).<\/p>\n<p>Nach dem erfolgreichen Wettkampf ist nun Pause angesagt. Erst im Oktober will Steffen wieder angreifen.<\/p>\n<p><a href=\"https:\/\/www.bierfassheberverein.de\/wordpress\/wp-content\/uploads\/2023\/09\/SST-2023-urkunde.pdf\" target=\"_blank\" rel=\"noopener lightbox-1\"><img loading=\"lazy\" decoding=\"async\" class=\"alignleft size-medium wp-image-65629\" src=\"https:\/\/www.bierfassheberverein.de\/wordpress\/wp-content\/uploads\/2023\/09\/SST-2023-urkunde-212x300.jpg\" alt=\"\" width=\"212\" height=\"300\" srcset=\"https:\/\/www.bierfassheberverein.de\/wordpress\/wp-content\/uploads\/2023\/09\/SST-2023-urkunde-212x300.jpg 212w, https:\/\/www.bierfassheberverein.de\/wordpress\/wp-content\/uploads\/2023\/09\/SST-2023-urkunde-565x800.jpg 565w, https:\/\/www.bierfassheberverein.de\/wordpress\/wp-content\/uploads\/2023\/09\/SST-2023-urkunde-768x1087.jpg 768w, https:\/\/www.bierfassheberverein.de\/wordpress\/wp-content\/uploads\/2023\/09\/SST-2023-urkunde.jpg 826w\" sizes=\"auto, (max-width: 212px) 100vw, 212px\" \/><\/a><a href=\"https:\/\/www.bierfassheberverein.de\/wordpress\/wp-content\/uploads\/2023\/09\/STT-2023-Artikel-Freies-Wort-Suhl.jpg\"><img loading=\"lazy\" decoding=\"async\" class=\"size-medium wp-image-65628 alignright\" src=\"https:\/\/www.bierfassheberverein.de\/wordpress\/wp-content\/uploads\/2023\/09\/STT-2023-Artikel-Freies-Wort-Suhl-281x300.jpg\" alt=\"\" width=\"281\" height=\"300\" srcset=\"https:\/\/www.bierfassheberverein.de\/wordpress\/wp-content\/uploads\/2023\/09\/STT-2023-Artikel-Freies-Wort-Suhl-281x300.jpg 281w, https:\/\/www.bierfassheberverein.de\/wordpress\/wp-content\/uploads\/2023\/09\/STT-2023-Artikel-Freies-Wort-Suhl-750x800.jpg 750w, https:\/\/www.bierfassheberverein.de\/wordpress\/wp-content\/uploads\/2023\/09\/STT-2023-Artikel-Freies-Wort-Suhl-768x819.jpg 768w, https:\/\/www.bierfassheberverein.de\/wordpress\/wp-content\/uploads\/2023\/09\/STT-2023-Artikel-Freies-Wort-Suhl-1441x1536.jpg 1441w, https:\/\/www.bierfassheberverein.de\/wordpress\/wp-content\/uploads\/2023\/09\/STT-2023-Artikel-Freies-Wort-Suhl.jpg 1921w\" sizes=\"auto, (max-width: 281px) 100vw, 281px\" \/><\/a><\/p>\n","protected":false},"excerpt":{"rendered":"<p>Am vergangenen Samstag hies es f\u00fcr unseren Lauffreund Steffen Heinze wieder Laufschuhe schn\u00fcren und ab auf die Trails. Dieses Mal wieder beim S\u00fcdth\u00fcringentrail rund um Suhl, der bei Steffen fest im Wettkampfkalender eingeplant ist. Wie im vergangenen Jahr hat sich Steffen f\u00fcr den &#8222;langen Kanten&#8220; \u00fcber ca. 65 km und rund 2.500 H\u00f6henmetern Antiegen entschieden.<\/p>\n","protected":false},"author":1,"featured_media":0,"comment_status":"open","ping_status":"closed","sticky":false,"template":"","format":"standard","meta":{"ngg_post_thumbnail":0,"footnotes":""},"categories":[5],"tags":[],"class_list":["post-65626","post","type-post","status-publish","format-standard","hentry","category-sonstiges"],"_links":{"self":[{"href":"https:\/\/www.bierfassheberverein.de\/wordpress\/index.php?rest_route=\/wp\/v2\/posts\/65626","targetHints":{"allow":["GET"]}}],"collection":[{"href":"https:\/\/www.bierfassheberverein.de\/wordpress\/index.php?rest_route=\/wp\/v2\/posts"}],"about":[{"href":"https:\/\/www.bierfassheberverein.de\/wordpress\/index.php?rest_route=\/wp\/v2\/types\/post"}],"author":[{"embeddable":true,"href":"https:\/\/www.bierfassheberverein.de\/wordpress\/index.php?rest_route=\/wp\/v2\/users\/1"}],"replies":[{"embeddable":true,"href":"https:\/\/www.bierfassheberverein.de\/wordpress\/index.php?rest_route=%2Fwp%2Fv2%2Fcomments&post=65626"}],"version-history":[{"count":4,"href":"https:\/\/www.bierfassheberverein.de\/wordpress\/index.php?rest_route=\/wp\/v2\/posts\/65626\/revisions"}],"predecessor-version":[{"id":65634,"href":"https:\/\/www.bierfassheberverein.de\/wordpress\/index.php?rest_route=\/wp\/v2\/posts\/65626\/revisions\/65634"}],"wp:attachment":[{"href":"https:\/\/www.bierfassheberverein.de\/wordpress\/index.php?rest_route=%2Fwp%2Fv2%2Fmedia&parent=65626"}],"wp:term":[{"taxonomy":"category","embeddable":true,"href":"https:\/\/www.bierfassheberverein.de\/wordpress\/index.php?rest_route=%2Fwp%2Fv2%2Fcategories&post=65626"},{"taxonomy":"post_tag","embeddable":true,"href":"https:\/\/www.bierfassheberverein.de\/wordpress\/index.php?rest_route=%2Fwp%2Fv2%2Ftags&post=65626"}],"curies":[{"name":"wp","href":"https:\/\/api.w.org\/{rel}","templated":true}]}}