{"id":65574,"date":"2023-08-21T00:00:20","date_gmt":"2023-08-20T23:00:20","guid":{"rendered":"https:\/\/www.bierfassheberverein.de\/wordpress\/?p=65574"},"modified":"2023-08-26T06:39:51","modified_gmt":"2023-08-26T05:39:51","slug":"21-08-2023-14-zweitalsperrenlauf-in-tambach-dietharz","status":"publish","type":"post","link":"https:\/\/www.bierfassheberverein.de\/wordpress\/?p=65574","title":{"rendered":"21.08.2023 &#8211; 14. Zweitalsperrenlauf in Tambach Dietharz"},"content":{"rendered":"<p><a href=\"https:\/\/www.bierfassheberverein.de\/wordpress\/wp-content\/uploads\/2023\/08\/14_Zweitalsperrenlauf_2023_001.jpeg\" rel=\"lightbox-0\"><img loading=\"lazy\" decoding=\"async\" class=\"alignright size-medium wp-image-65577\" src=\"https:\/\/www.bierfassheberverein.de\/wordpress\/wp-content\/uploads\/2023\/08\/14_Zweitalsperrenlauf_2023_001-225x300.jpeg\" alt=\"\" width=\"225\" height=\"300\" srcset=\"https:\/\/www.bierfassheberverein.de\/wordpress\/wp-content\/uploads\/2023\/08\/14_Zweitalsperrenlauf_2023_001-225x300.jpeg 225w, https:\/\/www.bierfassheberverein.de\/wordpress\/wp-content\/uploads\/2023\/08\/14_Zweitalsperrenlauf_2023_001-600x800.jpeg 600w, https:\/\/www.bierfassheberverein.de\/wordpress\/wp-content\/uploads\/2023\/08\/14_Zweitalsperrenlauf_2023_001-768x1024.jpeg 768w, https:\/\/www.bierfassheberverein.de\/wordpress\/wp-content\/uploads\/2023\/08\/14_Zweitalsperrenlauf_2023_001.jpeg 900w\" sizes=\"auto, (max-width: 225px) 100vw, 225px\" \/><\/a>Zum 14. Zweitalsperrenlauf in Tambach Dietharz, traten Philipp Pferner und Daniel Kunter auf der 17km Strecke an. Laut Veranstalter und Kommentator, die K\u00f6nigsetappe \ud83d\ude09<br \/>\nDie Strecke f\u00fchrte \u00fcber die alte Tambacher-Talsperre, zur Schmalwasser-Talsperre und weiter durch den wundersch\u00f6nen Th\u00fcringer Wald.<\/p>\n<p><!--more-->In seiner Altersklasse, lief Philipp zum ersten Mal auf das Podest. Er schaffte einen starken 2. Platz in 1h30min.<\/p>\n<p>Daniel lief zum zweiten Mal, nach 2019, die 17km Strecke und schaffte diese in 1h13min. Er belegte in seiner Altersklasse den 1. Platz.<\/p>\n<p>Beide waren mit ihren Leistungen, sehr zufrieden und sind n\u00e4chstes Jahr wieder am Start. Leider waren nicht alle L\u00e4ufer, bis zum Ende geblieben, sodass die Podestpl\u00e4tze mitunter frei blieben.<\/p>\n<div id='gallery-1' class='gallery galleryid-65574 gallery-columns-2 gallery-size-thumbnail'><figure class='gallery-item'>\n\t\t\t<div class='gallery-icon portrait'>\n\t\t\t\t<a href='https:\/\/www.bierfassheberverein.de\/wordpress\/wp-content\/uploads\/2023\/08\/14_Zweitalsperrenlauf_2023_002.jpeg' rel=\"lightbox[gallery-0]\"><img loading=\"lazy\" decoding=\"async\" width=\"150\" height=\"150\" src=\"https:\/\/www.bierfassheberverein.de\/wordpress\/wp-content\/uploads\/2023\/08\/14_Zweitalsperrenlauf_2023_002-150x150.jpeg\" class=\"attachment-thumbnail size-thumbnail\" alt=\"\" srcset=\"https:\/\/www.bierfassheberverein.de\/wordpress\/wp-content\/uploads\/2023\/08\/14_Zweitalsperrenlauf_2023_002-150x150.jpeg 150w, https:\/\/www.bierfassheberverein.de\/wordpress\/wp-content\/uploads\/2023\/08\/14_Zweitalsperrenlauf_2023_002-100x100.jpeg 100w\" sizes=\"auto, 100vw\" \/><\/a>\n\t\t\t<\/div><\/figure><figure class='gallery-item'>\n\t\t\t<div class='gallery-icon portrait'>\n\t\t\t\t<a href='https:\/\/www.bierfassheberverein.de\/wordpress\/wp-content\/uploads\/2023\/08\/14_Zweitalsperrenlauf_2023_003.jpeg' rel=\"lightbox[gallery-0]\"><img loading=\"lazy\" decoding=\"async\" width=\"150\" height=\"150\" src=\"https:\/\/www.bierfassheberverein.de\/wordpress\/wp-content\/uploads\/2023\/08\/14_Zweitalsperrenlauf_2023_003-150x150.jpeg\" class=\"attachment-thumbnail size-thumbnail\" alt=\"\" srcset=\"https:\/\/www.bierfassheberverein.de\/wordpress\/wp-content\/uploads\/2023\/08\/14_Zweitalsperrenlauf_2023_003-150x150.jpeg 150w, https:\/\/www.bierfassheberverein.de\/wordpress\/wp-content\/uploads\/2023\/08\/14_Zweitalsperrenlauf_2023_003-100x100.jpeg 100w\" sizes=\"auto, 100vw\" \/><\/a>\n\t\t\t<\/div><\/figure>\n\t\t<\/div>\n\n","protected":false},"excerpt":{"rendered":"<p>Zum 14. Zweitalsperrenlauf in Tambach Dietharz, traten Philipp Pferner und Daniel Kunter auf der 17km Strecke an. Laut Veranstalter und Kommentator, die K\u00f6nigsetappe \ud83d\ude09 Die Strecke f\u00fchrte \u00fcber die alte Tambacher-Talsperre, zur Schmalwasser-Talsperre und weiter durch den wundersch\u00f6nen Th\u00fcringer Wald.<\/p>\n","protected":false},"author":1,"featured_media":0,"comment_status":"open","ping_status":"closed","sticky":false,"template":"","format":"standard","meta":{"ngg_post_thumbnail":0,"footnotes":""},"categories":[5],"tags":[],"class_list":["post-65574","post","type-post","status-publish","format-standard","hentry","category-sonstiges"],"_links":{"self":[{"href":"https:\/\/www.bierfassheberverein.de\/wordpress\/index.php?rest_route=\/wp\/v2\/posts\/65574","targetHints":{"allow":["GET"]}}],"collection":[{"href":"https:\/\/www.bierfassheberverein.de\/wordpress\/index.php?rest_route=\/wp\/v2\/posts"}],"about":[{"href":"https:\/\/www.bierfassheberverein.de\/wordpress\/index.php?rest_route=\/wp\/v2\/types\/post"}],"author":[{"embeddable":true,"href":"https:\/\/www.bierfassheberverein.de\/wordpress\/index.php?rest_route=\/wp\/v2\/users\/1"}],"replies":[{"embeddable":true,"href":"https:\/\/www.bierfassheberverein.de\/wordpress\/index.php?rest_route=%2Fwp%2Fv2%2Fcomments&post=65574"}],"version-history":[{"count":1,"href":"https:\/\/www.bierfassheberverein.de\/wordpress\/index.php?rest_route=\/wp\/v2\/posts\/65574\/revisions"}],"predecessor-version":[{"id":65578,"href":"https:\/\/www.bierfassheberverein.de\/wordpress\/index.php?rest_route=\/wp\/v2\/posts\/65574\/revisions\/65578"}],"wp:attachment":[{"href":"https:\/\/www.bierfassheberverein.de\/wordpress\/index.php?rest_route=%2Fwp%2Fv2%2Fmedia&parent=65574"}],"wp:term":[{"taxonomy":"category","embeddable":true,"href":"https:\/\/www.bierfassheberverein.de\/wordpress\/index.php?rest_route=%2Fwp%2Fv2%2Fcategories&post=65574"},{"taxonomy":"post_tag","embeddable":true,"href":"https:\/\/www.bierfassheberverein.de\/wordpress\/index.php?rest_route=%2Fwp%2Fv2%2Ftags&post=65574"}],"curies":[{"name":"wp","href":"https:\/\/api.w.org\/{rel}","templated":true}]}}