{"id":65496,"date":"2023-08-13T00:00:41","date_gmt":"2023-08-12T23:00:41","guid":{"rendered":"https:\/\/www.bierfassheberverein.de\/wordpress\/?p=65496"},"modified":"2023-08-23T20:13:22","modified_gmt":"2023-08-23T19:13:22","slug":"13-08-2023-bierfassheben-zur-22-zeltkirmes-in-bufleben","status":"publish","type":"post","link":"https:\/\/www.bierfassheberverein.de\/wordpress\/?p=65496","title":{"rendered":"13.08.2023 \u2013 Bierfassheben zur 22. Zeltkirmes in Bufleben"},"content":{"rendered":"<p><a href=\"https:\/\/www.bierfassheberverein.de\/wordpress\/index.php\/nggallery\/wk-2023\/bierfassheben-kirmes-2023-3?page_id=64984\"><img loading=\"lazy\" decoding=\"async\" class=\"alignright size-medium wp-image-65497\" src=\"https:\/\/www.bierfassheberverein.de\/wordpress\/wp-content\/uploads\/2023\/08\/Bierfassheben_Bufleben_2023_067-300x225.jpg\" alt=\"\" width=\"300\" height=\"225\" srcset=\"https:\/\/www.bierfassheberverein.de\/wordpress\/wp-content\/uploads\/2023\/08\/Bierfassheben_Bufleben_2023_067-300x225.jpg 300w, https:\/\/www.bierfassheberverein.de\/wordpress\/wp-content\/uploads\/2023\/08\/Bierfassheben_Bufleben_2023_067-800x600.jpg 800w, https:\/\/www.bierfassheberverein.de\/wordpress\/wp-content\/uploads\/2023\/08\/Bierfassheben_Bufleben_2023_067-768x576.jpg 768w, https:\/\/www.bierfassheberverein.de\/wordpress\/wp-content\/uploads\/2023\/08\/Bierfassheben_Bufleben_2023_067-1536x1152.jpg 1536w, https:\/\/www.bierfassheberverein.de\/wordpress\/wp-content\/uploads\/2023\/08\/Bierfassheben_Bufleben_2023_067.jpg 1600w\" sizes=\"auto, (max-width: 300px) 100vw, 300px\" \/><\/a>Am 13. August fand nach l\u00e4ngerer Pause endlich wieder ein Jedermann Bierfassheben zur 22. Zeltkirmes in Bufleben statt. Bei gutem Wetter und vielen Teilnehmern, war es ein sehr sch\u00f6ner und spannender Wettbewerb. Stimmung war klasse, viele Zuschauer und super Leistungen wurden an dem Sonntag gezeigt.<\/p>\n<p>Insgesamt gingen sieben Frauen, 5 Junioren und 11 M\u00e4nner an den Start.<\/p>\n<p><!--more-->Bei den Frauen gewann Lisa F\u00fcgner mit sagenhaften 200 Kg, den zweiten Platz belegte Anja Stier mit 180 Kg und Platz drei ging an Sarah Horn. Sie hob 150 Kg hoch und war zum ersten Mal dabei. Die j\u00fcngste Teilnehmerin war Lilly Habermann. Lilly verbesserte Ihre Leistung vom Bierfassheben in Gotha von 110 Kg auf 130 Kg und das mit 13 Jahren. F\u00fcr Ihre super Leistung bekam sie vom Publikum einen tobenden Applaus.<\/p>\n<p>Bei den Junioren gewann Jonas Umbreit mit 230 Kg, Platz zwei ging an Nils Hirschi der ebenfalls 230 kg hoch gehoben hat, aber schwerer war. Den dritten Platz gewann Phillip F\u00fcgner mit 210 Kg.<\/p>\n<p>Ein sehr spannendes Duell lieferten sich die ersten drei Herren ab. Am Ende setzte sich der Burgermeistervon Bufleben Heiko Stipek durch. Er hob 260 Kg zum ersten Mal hoch und gewann vor Hans Schneider und Nick W\u00fcnsche. Beide hoben 250 Kg und Hans war der Leichtere.<\/p>\n<p>Der Verein bedankt sich bei allen Helfern, ohne die w\u00e4re so ein reibungsloser Ablauf gar nicht m\u00f6glich.<\/p>\n<p>Die Firma Heiko Stipek Estrichbau sponserte die Pokale und stellte f\u00fcr den Transport ein Auto dem Verein zur Verf\u00fcgung. Daf\u00fcr m\u00f6chten wir uns recht herzlichen bedanken. Die tollen Pokale fertigte wie jedes Jahr die Firma Frank Paul GbR.<\/p>\n<p>F\u00fcr die Unterst\u00fctzung von der Kirmesgesellschaft Bufleben m\u00f6chten wir uns f\u00fcr die Hilfen ebenfalls bedanken und hoffen auf ein Wiedersehen im n\u00e4chsten Jahr.<\/p>\n<p>Ergebnisliste:<\/p>\n<p><a href=\"https:\/\/www.bierfassheberverein.de\/wordpress\/wp-content\/uploads\/2023\/08\/Gesamtergebnis-Bierfassheben-13.08.23.pdf\" target=\"_blank\" rel=\"noopener\"><img loading=\"lazy\" decoding=\"async\" class=\"aligncenter size-medium wp-image-65571\" src=\"https:\/\/www.bierfassheberverein.de\/wordpress\/wp-content\/uploads\/2023\/08\/Gesamtergebnis-Bierfassheben-13.08.23-300x212.jpg\" alt=\"\" width=\"300\" height=\"212\" srcset=\"https:\/\/www.bierfassheberverein.de\/wordpress\/wp-content\/uploads\/2023\/08\/Gesamtergebnis-Bierfassheben-13.08.23-300x212.jpg 300w, https:\/\/www.bierfassheberverein.de\/wordpress\/wp-content\/uploads\/2023\/08\/Gesamtergebnis-Bierfassheben-13.08.23-800x565.jpg 800w, https:\/\/www.bierfassheberverein.de\/wordpress\/wp-content\/uploads\/2023\/08\/Gesamtergebnis-Bierfassheben-13.08.23-768x543.jpg 768w, https:\/\/www.bierfassheberverein.de\/wordpress\/wp-content\/uploads\/2023\/08\/Gesamtergebnis-Bierfassheben-13.08.23.jpg 1169w\" sizes=\"auto, (max-width: 300px) 100vw, 300px\" \/><\/a><\/p>\n","protected":false},"excerpt":{"rendered":"<p>Am 13. August fand nach l\u00e4ngerer Pause endlich wieder ein Jedermann Bierfassheben zur 22. Zeltkirmes in Bufleben statt. Bei gutem Wetter und vielen Teilnehmern, war es ein sehr sch\u00f6ner und spannender Wettbewerb. Stimmung war klasse, viele Zuschauer und super Leistungen wurden an dem Sonntag gezeigt. Insgesamt gingen sieben Frauen, 5 Junioren und 11 M\u00e4nner an &hellip; <\/p>\n<p class=\"link-more\"><a href=\"https:\/\/www.bierfassheberverein.de\/wordpress\/?p=65496\" class=\"more-link\"><span class=\"screen-reader-text\">\u201e13.08.2023 \u2013 Bierfassheben zur 22. Zeltkirmes in Bufleben\u201c <\/span>weiterlesen<\/a><\/p>\n","protected":false},"author":1,"featured_media":0,"comment_status":"open","ping_status":"closed","sticky":false,"template":"","format":"standard","meta":{"ngg_post_thumbnail":0,"footnotes":""},"categories":[6],"tags":[],"class_list":["post-65496","post","type-post","status-publish","format-standard","hentry","category-wettkampfe"],"_links":{"self":[{"href":"https:\/\/www.bierfassheberverein.de\/wordpress\/index.php?rest_route=\/wp\/v2\/posts\/65496","targetHints":{"allow":["GET"]}}],"collection":[{"href":"https:\/\/www.bierfassheberverein.de\/wordpress\/index.php?rest_route=\/wp\/v2\/posts"}],"about":[{"href":"https:\/\/www.bierfassheberverein.de\/wordpress\/index.php?rest_route=\/wp\/v2\/types\/post"}],"author":[{"embeddable":true,"href":"https:\/\/www.bierfassheberverein.de\/wordpress\/index.php?rest_route=\/wp\/v2\/users\/1"}],"replies":[{"embeddable":true,"href":"https:\/\/www.bierfassheberverein.de\/wordpress\/index.php?rest_route=%2Fwp%2Fv2%2Fcomments&post=65496"}],"version-history":[{"count":3,"href":"https:\/\/www.bierfassheberverein.de\/wordpress\/index.php?rest_route=\/wp\/v2\/posts\/65496\/revisions"}],"predecessor-version":[{"id":65573,"href":"https:\/\/www.bierfassheberverein.de\/wordpress\/index.php?rest_route=\/wp\/v2\/posts\/65496\/revisions\/65573"}],"wp:attachment":[{"href":"https:\/\/www.bierfassheberverein.de\/wordpress\/index.php?rest_route=%2Fwp%2Fv2%2Fmedia&parent=65496"}],"wp:term":[{"taxonomy":"category","embeddable":true,"href":"https:\/\/www.bierfassheberverein.de\/wordpress\/index.php?rest_route=%2Fwp%2Fv2%2Fcategories&post=65496"},{"taxonomy":"post_tag","embeddable":true,"href":"https:\/\/www.bierfassheberverein.de\/wordpress\/index.php?rest_route=%2Fwp%2Fv2%2Ftags&post=65496"}],"curies":[{"name":"wp","href":"https:\/\/api.w.org\/{rel}","templated":true}]}}