{"id":4652,"date":"2017-04-06T00:00:05","date_gmt":"2017-04-05T23:00:05","guid":{"rendered":"http:\/\/www.bierfassheberverein.de\/wordpress\/?p=4652"},"modified":"2017-11-09T21:36:28","modified_gmt":"2017-11-09T20:36:28","slug":"06-04-2017-wir-trauern-um-anne","status":"publish","type":"post","link":"https:\/\/www.bierfassheberverein.de\/wordpress\/?p=4652","title":{"rendered":"06.04.2017 &#8211; Wir trauern um Anne"},"content":{"rendered":"<p><a href=\"https:\/\/www.bierfassheberverein.de\/wordpress\/wp-content\/uploads\/2017\/04\/Anne_.jpg\" rel=\"lightbox-0\"><img loading=\"lazy\" decoding=\"async\" class=\"alignright wp-image-4653\" src=\"https:\/\/www.bierfassheberverein.de\/wordpress\/wp-content\/uploads\/2017\/04\/Anne_-176x300.jpg\" alt=\"\" width=\"123\" height=\"210\" srcset=\"https:\/\/www.bierfassheberverein.de\/wordpress\/wp-content\/uploads\/2017\/04\/Anne_-176x300.jpg 176w, https:\/\/www.bierfassheberverein.de\/wordpress\/wp-content\/uploads\/2017\/04\/Anne_.jpg 355w\" sizes=\"auto, (max-width: 123px) 100vw, 123px\" \/><\/a>Wir trauern heute um unsere Sportfreundin der Aerobic M\u00e4dels, Anne J\u00e4ger-Weise.<\/p>\n<p>Nach langem gef\u00fchrtem Kampf gegen Ihre gemeine Krankheit, nehmen wir Abschied von unserer Anne.<\/p>\n<p><!--more-->Unsere Gedanken sind bei ihren Angeh\u00f6rigen, denen wir in dieser schweren Zeit unser Mitgef\u00fchl bekunden wollen. Anne, wir werden Dich nicht vergessen<\/p>\n<p>Der Bierfassheberverein e.V.<\/p>\n<p>&nbsp;<\/p>\n<p><a href=\"https:\/\/www.bierfassheberverein.de\/wordpress\/wp-content\/uploads\/2017\/04\/Traueranzeige-Anne.jpg\" rel=\"lightbox-1\"><img loading=\"lazy\" decoding=\"async\" class=\"aligncenter size-medium wp-image-4654\" src=\"https:\/\/www.bierfassheberverein.de\/wordpress\/wp-content\/uploads\/2017\/04\/Traueranzeige-Anne-300x238.jpg\" alt=\"\" width=\"300\" height=\"238\" srcset=\"https:\/\/www.bierfassheberverein.de\/wordpress\/wp-content\/uploads\/2017\/04\/Traueranzeige-Anne-300x238.jpg 300w, https:\/\/www.bierfassheberverein.de\/wordpress\/wp-content\/uploads\/2017\/04\/Traueranzeige-Anne-768x608.jpg 768w, https:\/\/www.bierfassheberverein.de\/wordpress\/wp-content\/uploads\/2017\/04\/Traueranzeige-Anne-800x633.jpg 800w, https:\/\/www.bierfassheberverein.de\/wordpress\/wp-content\/uploads\/2017\/04\/Traueranzeige-Anne.jpg 1633w\" sizes=\"auto, (max-width: 300px) 100vw, 300px\" \/><\/a><\/p>\n","protected":false},"excerpt":{"rendered":"<p>Wir trauern heute um unsere Sportfreundin der Aerobic M\u00e4dels, Anne J\u00e4ger-Weise. Nach langem gef\u00fchrtem Kampf gegen Ihre gemeine Krankheit, nehmen wir Abschied von unserer Anne.<\/p>\n","protected":false},"author":1,"featured_media":0,"comment_status":"open","ping_status":"closed","sticky":false,"template":"","format":"standard","meta":{"ngg_post_thumbnail":0,"footnotes":""},"categories":[5],"tags":[],"class_list":["post-4652","post","type-post","status-publish","format-standard","hentry","category-sonstiges"],"_links":{"self":[{"href":"https:\/\/www.bierfassheberverein.de\/wordpress\/index.php?rest_route=\/wp\/v2\/posts\/4652","targetHints":{"allow":["GET"]}}],"collection":[{"href":"https:\/\/www.bierfassheberverein.de\/wordpress\/index.php?rest_route=\/wp\/v2\/posts"}],"about":[{"href":"https:\/\/www.bierfassheberverein.de\/wordpress\/index.php?rest_route=\/wp\/v2\/types\/post"}],"author":[{"embeddable":true,"href":"https:\/\/www.bierfassheberverein.de\/wordpress\/index.php?rest_route=\/wp\/v2\/users\/1"}],"replies":[{"embeddable":true,"href":"https:\/\/www.bierfassheberverein.de\/wordpress\/index.php?rest_route=%2Fwp%2Fv2%2Fcomments&post=4652"}],"version-history":[{"count":1,"href":"https:\/\/www.bierfassheberverein.de\/wordpress\/index.php?rest_route=\/wp\/v2\/posts\/4652\/revisions"}],"predecessor-version":[{"id":4655,"href":"https:\/\/www.bierfassheberverein.de\/wordpress\/index.php?rest_route=\/wp\/v2\/posts\/4652\/revisions\/4655"}],"wp:attachment":[{"href":"https:\/\/www.bierfassheberverein.de\/wordpress\/index.php?rest_route=%2Fwp%2Fv2%2Fmedia&parent=4652"}],"wp:term":[{"taxonomy":"category","embeddable":true,"href":"https:\/\/www.bierfassheberverein.de\/wordpress\/index.php?rest_route=%2Fwp%2Fv2%2Fcategories&post=4652"},{"taxonomy":"post_tag","embeddable":true,"href":"https:\/\/www.bierfassheberverein.de\/wordpress\/index.php?rest_route=%2Fwp%2Fv2%2Ftags&post=4652"}],"curies":[{"name":"wp","href":"https:\/\/api.w.org\/{rel}","templated":true}]}}