{"id":4598,"date":"2017-03-04T00:00:41","date_gmt":"2017-03-03T23:00:41","guid":{"rendered":"http:\/\/www.bierfassheberverein.de\/wordpress\/?p=4598"},"modified":"2017-11-12T21:45:28","modified_gmt":"2017-11-12T20:45:28","slug":"04-03-2017-tlm-kraftdreikampf-mannschaft-in-ilmenau-runde-2","status":"publish","type":"post","link":"https:\/\/www.bierfassheberverein.de\/wordpress\/?p=4598","title":{"rendered":"04.03.2017 &#8211; TLM Kraftdreikampf Mannschaft in Ilmenau R2"},"content":{"rendered":"<p><a href=\"https:\/\/www.bierfassheberverein.de\/wordpress\/index.php\/nggallery\/galleries\/TLM-KDK-Mannschaft-R2-2017?page_id=4592\"><img loading=\"lazy\" decoding=\"async\" class=\"alignright wp-image-4599\" src=\"https:\/\/www.bierfassheberverein.de\/wordpress\/wp-content\/uploads\/2017\/03\/TLMKDKMA_R2-2017_013-300x200.jpg\" width=\"210\" height=\"140\" srcset=\"https:\/\/www.bierfassheberverein.de\/wordpress\/wp-content\/uploads\/2017\/03\/TLMKDKMA_R2-2017_013-300x200.jpg 300w, https:\/\/www.bierfassheberverein.de\/wordpress\/wp-content\/uploads\/2017\/03\/TLMKDKMA_R2-2017_013-768x511.jpg 768w, https:\/\/www.bierfassheberverein.de\/wordpress\/wp-content\/uploads\/2017\/03\/TLMKDKMA_R2-2017_013.jpg 800w\" sizes=\"auto, (max-width: 210px) 100vw, 210px\" \/><\/a>Am Samstag den 05. M\u00e4rz fand die 2. Runde der Th\u00fcringer Landesmeisterschaft im Kraftdreikampf in der Mannschaftswertung in Ilmenau statt.<\/p>\n<p>Unsere Jungs haben sich noch mal steigern k\u00f6nnen und belegten am Ende den 2. Platz.<\/p>\n<p>Es war ein sehr sch\u00f6ner und spannender Wettkampf mit vielen \u00dcberraschungen. So kam alles anders als geplant.<\/p>\n<p><!--more-->Die Mannschaft aus Jena (Vorrunde Platz 4) stellte ein Team mit zwei neuen starken Athleten auf. Diese zeigten super Leistungen und machten viele Punkte. Die Arnst\u00e4dter (Vorrunde Pl. 1) konnten nicht mehr an die guten Ergebnisse ankn\u00fcpfen und rutschten auf den 4. Platz ab.<\/p>\n<p>F\u00fcr unsere Mannschaft stand Tobias Zinserling wieder zur Verf\u00fcgung. Alle Jungs konnten noch einmal eine Schippe drauf legen.<\/p>\n<p>Der J\u00fcngste im Team, Lucas Baumbach zeigte wieder einmal was f\u00fcr ein Potential in Ihm steckt. In allen drei Disziplinen konnte Lucas sich verbessern. So beugte er 185 ( Vorrunde 180 ), dann dr\u00fcckte er 102,5 Kg und zog im Kreuzheben 215 Kg hoch ( Vorrunde 207,5 ).<br \/>\nEine Steigerung von 12,5 KG (von 490 auf 502,5 Kg) ist f\u00fcr unseren 17-j\u00e4hrigen Athleten ein klasse Ergebnis. Der Junge macht uns richtig Spa\u00df. Zudem hat Lucas zwei neue Th\u00fcringer Landesrekorde aufgestellt. In der Kategorie Jugend A in der Klasse bis 83 KG verbesserte Lucas die Rekorde im Kniebeugen mit 185 KG<br \/>\nund im Kreuzheben stellte er einen neuen Rekord mit 215 Kg auf.<\/p>\n<p>Jakob Kallensee konnte sich auch steigern und beugte 192,5 Kg ( Vorrunde 185 ), dr\u00fcckte 132,5 Kg ( Vorrunde 127,5 ) und hat im Kreuzheben 205 Kg ( Vorrunde 200 ) g\u00fcltig hoch gezogen. Somit steigerte Jakob seine Leistung von 512,5 auf 530 Kg. Er ist schon ein erfahrener und ruhiger Wettk\u00e4mpfer, auf den wir uns immer verlassen k\u00f6nnen.<\/p>\n<p>Tom F\u00f6rster machte seinen zweiten Kraftdreikampf und konnte sich ebenso in allen drei Disziplinen verbessern. So beugte er 200 Kg ( Vorrunde 190 ), danach steigerte sich Tom im Bankdr\u00fccken von 127,5 auf 130 Kg und zog zum Schluss 230 Kg (Vorrunde 225) im Kreuzheben hoch.<br \/>\nMit einer Gesamtleistung von 560 Kg ( 542,5 ) erreichte Tom, wie auch Jakob eine Steigerung zur ersten Runde von 17,5 Kg. Das nenne ich mal Ma\u00dfarbeit.<\/p>\n<p>Unser st\u00e4rkster Kraftdreik\u00e4mpfer Tobias Zinserling, konnte auf Grund einer Verletzung nicht an der ersten Runde teilnehmen. Zum Gl\u00fcck war er zur 2. Runde wieder fit und half somit der Mannschaft den Vize Titel zu holen. Schon in der ersten Disziplin beugte Tobias 350 Kg und machte da schon eine Menge Punkte.<\/p>\n<p>Im Bankdr\u00fccken lie\u00df er 240 Kg aufstecken und schaffte diese Last ohne Probleme. F\u00fcr den zweiten Versuch lagen 250 Kg auf der Hantel. Jetzt passierte etwas, womit keiner rechnen konnte. Tobias ist die voll beladene Hantel nach hinten weggegangen und viel in die Sicherheitsst\u00e4nder. Dabei kam seine rechte Hand zwischen Hantel und St\u00e4nder und er zog sich eine gro\u00dfe offene Wunde zu. Sofort war allen klar, dass hier etwas Schlimmes passiert ist. Es wurde sofort ein Krankenwagen vom Veranstalter gerufen und Tobias kam auf dem schnellsten Weg in das Krankenhaus in Ilmenau.<\/p>\n<p>Der Schock war bei allen Teilnehmern da, aber wir mussten den Wettkampf fortsetzen. Nun kam die letzte Disziplin der vier Gruppen dran. Leider fehlten unserer Mannschaft die wichtigen Punkte von Zinse, aber egal unsere Jungs k\u00e4mpften tapfer weiter.<\/p>\n<p>Als die letzte Gruppe zum Kreuzheben angetreten ist kam pl\u00f6tzlich die unglaubliche Meldung, dass Tobias Zinserling auf dem Weg vom Krankenhaus zur Wettkampfst\u00e4tte ist und am Kreuzheben teilnehmen m\u00f6chte. Und genau so ist es gekommen. Ohne Aufw\u00e4rmung mit gen\u00e4hter und verbundener Hand wurden 250 KG f\u00fcr Tobias aufgesteckt.<\/p>\n<p>Tobias zog die Last hoch und fragte gleich danach, wieviel Punkte braucht die Mannschaft. Er steigerte im 2. Versuch auf 320 KG und zog auch diese Last hoch.<\/p>\n<p>Wir haben schon viel in den letzten Jahren erlebt, aber so etwas, da fehlten uns die Worte. Gott sei Dank ist alles gut ausgegangen und wir haben alle h\u00f6chsten Respekt vor dieser Leistung und dem Einsatz f\u00fcr sein Team. Das war absolute Klasse von Tobias, da werden wir noch lange dar\u00fcber reden.<\/p>\n<p>Ohne diesen unfassbaren Einsatz von Tobias, h\u00e4tte unsere Mannschaft nicht den 2. Platz gewonnen. Wenn er ausgefallen w\u00e4re, blieb dieser tollen Mannschaft nur der undankbare 4. Platz und das h\u00e4tte das Team nicht verdient.<\/p>\n<p>Ende gut alles gut kann man da einfach nur sagen. Th\u00fcringer Vize &#8211; Meister, klasse Team Leistung was will der Gothaer Bierfassheberverein mehr.<\/p>\n<p>Bedanken m\u00f6chten wir uns bei allen Helfern und Betreuern. Besonders beim Trainer Robert M\u00f6ller. Er hat die Jungs prima vorbereitet und super betreut.<\/p>\n<p>Sven Trey\u00dfe, Tim Krasson und Christian halfen beim Transport und beim Hantelstecken mit. Unser Verein hat das ganze Wettkampf Equipment von Gotha nach Ilmenau gebracht. Daf\u00fcr hat uns die Firma Heiko Stipek Estrich Bau einen Transporter zur Verf\u00fcgung gestellt. Daf\u00fcr m\u00f6chte sich der Verein recht herzlich bedanken.<\/p>\n<p>Isabel Riede und Mario S\u00fclzenbr\u00fcck wurden als Kampfrichter eingeteilt und haben Ihre Sache gut gemacht. Mario Hochberg \u00fcbernahm den Hallensprecher in beiden Runden.<\/p>\n<p>Pressemitteilungen:<\/p>\n<p><a href=\"https:\/\/www.bierfassheberverein.de\/wordpress\/wp-content\/uploads\/2017\/03\/TA-Artikel-TLM-2.Runde-08.03.17.pdf\" target=\"_blank\" rel=\"noopener\"><img loading=\"lazy\" decoding=\"async\" class=\"alignnone size-full wp-image-4624\" src=\"https:\/\/www.bierfassheberverein.de\/wordpress\/wp-content\/uploads\/2017\/03\/TA-Artikel-TLM-2.Runde-08.03.17_link.jpg\" alt=\"\" width=\"106\" height=\"150\"><\/a><\/p>\n<p>Ergebnisliste:<\/p>\n<p><a href=\"https:\/\/www.bierfassheberverein.de\/wordpress\/wp-content\/uploads\/2017\/03\/2017-Endrunde-AKTIVE.pdf\" target=\"_blank\" rel=\"noopener\"><img loading=\"lazy\" decoding=\"async\" class=\"size-medium wp-image-4601 alignnone\" src=\"https:\/\/www.bierfassheberverein.de\/wordpress\/wp-content\/uploads\/2017\/03\/2017-Endrunde-AKTIVE_link.jpg\" alt=\"\" width=\"150\" height=\"106\"><\/a> <a href=\"https:\/\/www.bierfassheberverein.de\/wordpress\/wp-content\/uploads\/2017\/03\/2017-TLMM-Aktive-Gesamtwertung.pdf\" target=\"_blank\" rel=\"noopener\"><img loading=\"lazy\" decoding=\"async\" class=\"size-full wp-image-4603 alignnone\" src=\"https:\/\/www.bierfassheberverein.de\/wordpress\/wp-content\/uploads\/2017\/03\/2017-TLMM-Aktive-Gesamtwertung_link.jpg\" alt=\"\" width=\"106\" height=\"150\"><\/a><\/p>\n","protected":false},"excerpt":{"rendered":"<p>Am Samstag den 05. M\u00e4rz fand die 2. Runde der Th\u00fcringer Landesmeisterschaft im Kraftdreikampf in der Mannschaftswertung in Ilmenau statt. Unsere Jungs haben sich noch mal steigern k\u00f6nnen und belegten am Ende den 2. Platz. Es war ein sehr sch\u00f6ner und spannender Wettkampf mit vielen \u00dcberraschungen. So kam alles anders als geplant.<\/p>\n","protected":false},"author":1,"featured_media":0,"comment_status":"open","ping_status":"closed","sticky":false,"template":"","format":"standard","meta":{"ngg_post_thumbnail":0,"footnotes":""},"categories":[6],"tags":[],"class_list":["post-4598","post","type-post","status-publish","format-standard","hentry","category-wettkampfe"],"_links":{"self":[{"href":"https:\/\/www.bierfassheberverein.de\/wordpress\/index.php?rest_route=\/wp\/v2\/posts\/4598","targetHints":{"allow":["GET"]}}],"collection":[{"href":"https:\/\/www.bierfassheberverein.de\/wordpress\/index.php?rest_route=\/wp\/v2\/posts"}],"about":[{"href":"https:\/\/www.bierfassheberverein.de\/wordpress\/index.php?rest_route=\/wp\/v2\/types\/post"}],"author":[{"embeddable":true,"href":"https:\/\/www.bierfassheberverein.de\/wordpress\/index.php?rest_route=\/wp\/v2\/users\/1"}],"replies":[{"embeddable":true,"href":"https:\/\/www.bierfassheberverein.de\/wordpress\/index.php?rest_route=%2Fwp%2Fv2%2Fcomments&post=4598"}],"version-history":[{"count":9,"href":"https:\/\/www.bierfassheberverein.de\/wordpress\/index.php?rest_route=\/wp\/v2\/posts\/4598\/revisions"}],"predecessor-version":[{"id":32019,"href":"https:\/\/www.bierfassheberverein.de\/wordpress\/index.php?rest_route=\/wp\/v2\/posts\/4598\/revisions\/32019"}],"wp:attachment":[{"href":"https:\/\/www.bierfassheberverein.de\/wordpress\/index.php?rest_route=%2Fwp%2Fv2%2Fmedia&parent=4598"}],"wp:term":[{"taxonomy":"category","embeddable":true,"href":"https:\/\/www.bierfassheberverein.de\/wordpress\/index.php?rest_route=%2Fwp%2Fv2%2Fcategories&post=4598"},{"taxonomy":"post_tag","embeddable":true,"href":"https:\/\/www.bierfassheberverein.de\/wordpress\/index.php?rest_route=%2Fwp%2Fv2%2Ftags&post=4598"}],"curies":[{"name":"wp","href":"https:\/\/api.w.org\/{rel}","templated":true}]}}