{"id":4563,"date":"2017-01-28T00:00:13","date_gmt":"2017-01-27T23:00:13","guid":{"rendered":"http:\/\/www.bierfassheberverein.de\/wordpress\/?p=4563"},"modified":"2017-11-12T21:44:55","modified_gmt":"2017-11-12T20:44:55","slug":"28-01-2017-tlm-kraftdreikampf-mannschaft-in-ilmenau","status":"publish","type":"post","link":"https:\/\/www.bierfassheberverein.de\/wordpress\/?p=4563","title":{"rendered":"28.01.2017 &#8211; TLM Kraftdreikampf Mannschaft in Ilmenau R1"},"content":{"rendered":"<p><a href=\"https:\/\/www.bierfassheberverein.de\/wordpress\/index.php\/nggallery\/galleries\/TLM-KDK-Mannschaft-R1-2017?page_id=4592\"><img loading=\"lazy\" decoding=\"async\" class=\"alignright wp-image-4617\" src=\"https:\/\/www.bierfassheberverein.de\/wordpress\/wp-content\/uploads\/2017\/01\/TLMKDKMA_R1_2017_059-300x201.jpg\" alt=\"\" width=\"210\" height=\"140\" srcset=\"https:\/\/www.bierfassheberverein.de\/wordpress\/wp-content\/uploads\/2017\/01\/TLMKDKMA_R1_2017_059-300x201.jpg 300w, https:\/\/www.bierfassheberverein.de\/wordpress\/wp-content\/uploads\/2017\/01\/TLMKDKMA_R1_2017_059-768x514.jpg 768w, https:\/\/www.bierfassheberverein.de\/wordpress\/wp-content\/uploads\/2017\/01\/TLMKDKMA_R1_2017_059-800x535.jpg 800w, https:\/\/www.bierfassheberverein.de\/wordpress\/wp-content\/uploads\/2017\/01\/TLMKDKMA_R1_2017_059.jpg 1024w\" sizes=\"auto, (max-width: 210px) 100vw, 210px\" \/><\/a>Am Samstag den 28. Januar 2017 fand die 1. Runde der Th\u00fcringer Landesmeisterschaft Im Kraftdreikampf in der Mannschaftswertung statt.<\/p>\n<p>Unsere junge Mannschaft hat sich wacker geschlagen und einen super Wettkampf abgelegt. Alle drei Jungs sind ohne Equipment an den Start gegangen und haben am Ende den 3. Platz geholt. Gerade einmal 1 Relativpunkt liegen wir hinter dem Zweitplatzierten. Somit haben sich unsere Jungs eine super Basis f\u00fcr die R\u00fcckrunde gelegt.<\/p>\n<p><!--more-->Das junge Team unter der Leitung von Robert M\u00f6ller ist \u00fcber sich hinaus gewachsen. Jakob Kallensee zeigte als erfahrener Kraftdreik\u00e4mpfer eine solide Leistung. F\u00fcr Tom F\u00f6rster war es der 1. Kraftdreikampf \u00fcberhaupt. Auch er hat seine Sache prima gemacht und somit zum Erfolg der Mannschaft beigetragen. Unser j\u00fcngster Athlet mit 17 Jahren war Lucas Baumbach. Er war gestern Nachmittag spitze drauf und \u00fcberraschte uns alle. Neun g\u00fcltig Versuche und in allen drei Disziplinen stellte Lucas neue pers\u00f6nliche Bestleistungen auf. Somit holte der J\u00fcngste die meisten Punkte f\u00fcr sein Team.<\/p>\n<p>Der Wettkampf wurde zum ersten Mal in Ilmenau im Sportleistungszentrum ausgetragen. Es waren sehr gute Bedingungen und wir freuen uns schon auf die R\u00fcckrunde an gleicher Stelle am 4. M\u00e4rz.<\/p>\n<p>Der Verein ist sehr stolz auf seinen Nachwuchs. Das zeigt die gute Arbeit der Trainer und Betreuer.<\/p>\n<p>David Anders und Tobias Zinserling habe die Jungs mit betreut und als Hantelstecker ausgeholfen. F\u00fcr den Transport der TAV &#8211; Wettkampfausr\u00fcstung haben wir von der Firma \u201eHeiko Stipek Estrichbau\u201c &nbsp;<a href=\"http:\/\/www.hse-estrich.de\/\" target=\"_blank\" rel=\"noopener\">&nbsp; http:\/\/www.hse-estrich.de\/<\/a>&nbsp;&nbsp; ein geeignetes Fahrzeug bekommen. Daf\u00fcr m\u00f6chte sich der Verein recht herzlich bedanken.<\/p>\n<p>Die Firma Stipek unterst\u00fctzt den Gothaer Bierfassheberverein seit vielen Jahren. Sven Trey\u00dfe \u00fcbernahm die Hin und R\u00fcckfahrt.<\/p>\n<p>Ergebnisliste \/ Pressemitteilungen:<\/p>\n<p><a href=\"https:\/\/www.bierfassheberverein.de\/wordpress\/wp-content\/uploads\/2017\/01\/Ergebnis-1.Runde-TLM-KDK_Man_2017.pdf\" target=\"_blank\" rel=\"noopener\"><img loading=\"lazy\" decoding=\"async\" class=\"alignnone size-full wp-image-4522\" src=\"https:\/\/www.bierfassheberverein.de\/wordpress\/wp-content\/uploads\/2016\/11\/Ergebnisliste_DM_BD_2016_link.jpg\" alt=\"\" width=\"150\" height=\"106\"><\/a>&nbsp;&nbsp;&nbsp;&nbsp; <a href=\"https:\/\/www.bierfassheberverein.de\/wordpress\/wp-content\/uploads\/2017\/02\/TA-Artikel-TLM-KDK-MA-01.02.17.pdf\" target=\"_blank\" rel=\"noopener\"><img loading=\"lazy\" decoding=\"async\" class=\"alignnone size-full wp-image-4578\" src=\"https:\/\/www.bierfassheberverein.de\/wordpress\/wp-content\/uploads\/2017\/02\/TA-Artikel-TLM-KDK-MA-01.02.17_link.jpg\" alt=\"\" width=\"106\" height=\"150\"><\/a><\/p>\n<p>&nbsp;<\/p>\n","protected":false},"excerpt":{"rendered":"<p>Am Samstag den 28. Januar 2017 fand die 1. Runde der Th\u00fcringer Landesmeisterschaft Im Kraftdreikampf in der Mannschaftswertung statt. Unsere junge Mannschaft hat sich wacker geschlagen und einen super Wettkampf abgelegt. Alle drei Jungs sind ohne Equipment an den Start gegangen und haben am Ende den 3. Platz geholt. Gerade einmal 1 Relativpunkt liegen wir &hellip; <\/p>\n<p class=\"link-more\"><a href=\"https:\/\/www.bierfassheberverein.de\/wordpress\/?p=4563\" class=\"more-link\"><span class=\"screen-reader-text\">\u201e28.01.2017 &#8211; TLM Kraftdreikampf Mannschaft in Ilmenau R1\u201c <\/span>weiterlesen<\/a><\/p>\n","protected":false},"author":1,"featured_media":0,"comment_status":"open","ping_status":"closed","sticky":false,"template":"","format":"standard","meta":{"ngg_post_thumbnail":0,"footnotes":""},"categories":[6],"tags":[],"class_list":["post-4563","post","type-post","status-publish","format-standard","hentry","category-wettkampfe"],"_links":{"self":[{"href":"https:\/\/www.bierfassheberverein.de\/wordpress\/index.php?rest_route=\/wp\/v2\/posts\/4563","targetHints":{"allow":["GET"]}}],"collection":[{"href":"https:\/\/www.bierfassheberverein.de\/wordpress\/index.php?rest_route=\/wp\/v2\/posts"}],"about":[{"href":"https:\/\/www.bierfassheberverein.de\/wordpress\/index.php?rest_route=\/wp\/v2\/types\/post"}],"author":[{"embeddable":true,"href":"https:\/\/www.bierfassheberverein.de\/wordpress\/index.php?rest_route=\/wp\/v2\/users\/1"}],"replies":[{"embeddable":true,"href":"https:\/\/www.bierfassheberverein.de\/wordpress\/index.php?rest_route=%2Fwp%2Fv2%2Fcomments&post=4563"}],"version-history":[{"count":9,"href":"https:\/\/www.bierfassheberverein.de\/wordpress\/index.php?rest_route=\/wp\/v2\/posts\/4563\/revisions"}],"predecessor-version":[{"id":32018,"href":"https:\/\/www.bierfassheberverein.de\/wordpress\/index.php?rest_route=\/wp\/v2\/posts\/4563\/revisions\/32018"}],"wp:attachment":[{"href":"https:\/\/www.bierfassheberverein.de\/wordpress\/index.php?rest_route=%2Fwp%2Fv2%2Fmedia&parent=4563"}],"wp:term":[{"taxonomy":"category","embeddable":true,"href":"https:\/\/www.bierfassheberverein.de\/wordpress\/index.php?rest_route=%2Fwp%2Fv2%2Fcategories&post=4563"},{"taxonomy":"post_tag","embeddable":true,"href":"https:\/\/www.bierfassheberverein.de\/wordpress\/index.php?rest_route=%2Fwp%2Fv2%2Ftags&post=4563"}],"curies":[{"name":"wp","href":"https:\/\/api.w.org\/{rel}","templated":true}]}}