{"id":4491,"date":"2016-11-19T00:00:10","date_gmt":"2016-11-18T23:00:10","guid":{"rendered":"http:\/\/www.bierfassheberverein.de\/wordpress\/?p=4491"},"modified":"2017-11-05T19:39:00","modified_gmt":"2017-11-05T18:39:00","slug":"4491","status":"publish","type":"post","link":"https:\/\/www.bierfassheberverein.de\/wordpress\/?p=4491","title":{"rendered":"19.11.2016 &#8211; 3. Arbeitseinsatz"},"content":{"rendered":"<p><a href=\"https:\/\/www.bierfassheberverein.de\/wordpress\/index.php\/nggallery\/galleries\/Arbeitseinsatz-Herbst-2016?page_id=13264\"><img loading=\"lazy\" decoding=\"async\" class=\"alignright wp-image-4508\" src=\"https:\/\/www.bierfassheberverein.de\/wordpress\/wp-content\/uploads\/2016\/11\/AE_20161119_030-300x225.jpg\" alt=\"ae_20161119_030\" width=\"210\" height=\"157\" srcset=\"https:\/\/www.bierfassheberverein.de\/wordpress\/wp-content\/uploads\/2016\/11\/AE_20161119_030-300x225.jpg 300w, https:\/\/www.bierfassheberverein.de\/wordpress\/wp-content\/uploads\/2016\/11\/AE_20161119_030-768x575.jpg 768w, https:\/\/www.bierfassheberverein.de\/wordpress\/wp-content\/uploads\/2016\/11\/AE_20161119_030-800x599.jpg 800w, https:\/\/www.bierfassheberverein.de\/wordpress\/wp-content\/uploads\/2016\/11\/AE_20161119_030.jpg 1024w\" sizes=\"auto, (max-width: 210px) 100vw, 210px\" \/><\/a>Am Samstag den 19. November fand unser dritter Arbeitseinsatz im Jahr 2016 statt.<\/p>\n<p>Zum Arbeitseinsatz kamen wieder viele flei\u00dfige Mitglieder und haben die Sporthalle sowie die Au\u00dfenanlagen in Ordnung gebracht. Jetzt ist alles wieder sauber und an seinem Platz.<\/p>\n<p>Wie immer wurde auch&nbsp; f\u00fcr das leibliche Wohl mit Bratwurst und Bier gesorgt.<\/p>\n<p>Der Vorstand des Gothaer Bierfassheberverein e.V.<\/p>\n<p>&nbsp;<\/p>\n","protected":false},"excerpt":{"rendered":"<p>Am Samstag den 19. November fand unser dritter Arbeitseinsatz im Jahr 2016 statt. Zum Arbeitseinsatz kamen wieder viele flei\u00dfige Mitglieder und haben die Sporthalle sowie die Au\u00dfenanlagen in Ordnung gebracht. Jetzt ist alles wieder sauber und an seinem Platz. Wie immer wurde auch&nbsp; f\u00fcr das leibliche Wohl mit Bratwurst und Bier gesorgt. Der Vorstand des &hellip; <\/p>\n<p class=\"link-more\"><a href=\"https:\/\/www.bierfassheberverein.de\/wordpress\/?p=4491\" class=\"more-link\"><span class=\"screen-reader-text\">\u201e19.11.2016 &#8211; 3. Arbeitseinsatz\u201c <\/span>weiterlesen<\/a><\/p>\n","protected":false},"author":1,"featured_media":0,"comment_status":"open","ping_status":"closed","sticky":false,"template":"","format":"standard","meta":{"ngg_post_thumbnail":0,"footnotes":""},"categories":[3],"tags":[],"class_list":["post-4491","post","type-post","status-publish","format-standard","hentry","category-arbeitseinsatz"],"_links":{"self":[{"href":"https:\/\/www.bierfassheberverein.de\/wordpress\/index.php?rest_route=\/wp\/v2\/posts\/4491","targetHints":{"allow":["GET"]}}],"collection":[{"href":"https:\/\/www.bierfassheberverein.de\/wordpress\/index.php?rest_route=\/wp\/v2\/posts"}],"about":[{"href":"https:\/\/www.bierfassheberverein.de\/wordpress\/index.php?rest_route=\/wp\/v2\/types\/post"}],"author":[{"embeddable":true,"href":"https:\/\/www.bierfassheberverein.de\/wordpress\/index.php?rest_route=\/wp\/v2\/users\/1"}],"replies":[{"embeddable":true,"href":"https:\/\/www.bierfassheberverein.de\/wordpress\/index.php?rest_route=%2Fwp%2Fv2%2Fcomments&post=4491"}],"version-history":[{"count":6,"href":"https:\/\/www.bierfassheberverein.de\/wordpress\/index.php?rest_route=\/wp\/v2\/posts\/4491\/revisions"}],"predecessor-version":[{"id":13277,"href":"https:\/\/www.bierfassheberverein.de\/wordpress\/index.php?rest_route=\/wp\/v2\/posts\/4491\/revisions\/13277"}],"wp:attachment":[{"href":"https:\/\/www.bierfassheberverein.de\/wordpress\/index.php?rest_route=%2Fwp%2Fv2%2Fmedia&parent=4491"}],"wp:term":[{"taxonomy":"category","embeddable":true,"href":"https:\/\/www.bierfassheberverein.de\/wordpress\/index.php?rest_route=%2Fwp%2Fv2%2Fcategories&post=4491"},{"taxonomy":"post_tag","embeddable":true,"href":"https:\/\/www.bierfassheberverein.de\/wordpress\/index.php?rest_route=%2Fwp%2Fv2%2Ftags&post=4491"}],"curies":[{"name":"wp","href":"https:\/\/api.w.org\/{rel}","templated":true}]}}