{"id":4207,"date":"2016-05-07T00:00:26","date_gmt":"2016-05-06T23:00:26","guid":{"rendered":"http:\/\/www.bierfassheberverein.de\/wordpress\/?p=4207"},"modified":"2017-11-12T21:02:18","modified_gmt":"2017-11-12T20:02:18","slug":"07-05-2016-18-giessener-champions-cup-staerkster-mann-von-crawinkel","status":"publish","type":"post","link":"https:\/\/www.bierfassheberverein.de\/wordpress\/?p=4207","title":{"rendered":"07.05.2016 &#8211; 18. Gie\u00dfener Champions Cup \/ St\u00e4rkster Mann von Crawinkel"},"content":{"rendered":"<p><a href=\"https:\/\/www.bierfassheberverein.de\/wordpress\/index.php\/nggallery\/galleries\/Gie%C3%9Fen-Cup-2016?page_id=4055\"><img loading=\"lazy\" decoding=\"async\" class=\"alignright wp-image-4212\" src=\"https:\/\/www.bierfassheberverein.de\/wordpress\/wp-content\/uploads\/2016\/05\/Giessencup-2016-018-300x225.jpg\" alt=\"Giessencup 2016 018\" width=\"210\" height=\"158\" srcset=\"https:\/\/www.bierfassheberverein.de\/wordpress\/wp-content\/uploads\/2016\/05\/Giessencup-2016-018-300x225.jpg 300w, https:\/\/www.bierfassheberverein.de\/wordpress\/wp-content\/uploads\/2016\/05\/Giessencup-2016-018-768x576.jpg 768w, https:\/\/www.bierfassheberverein.de\/wordpress\/wp-content\/uploads\/2016\/05\/Giessencup-2016-018-800x600.jpg 800w, https:\/\/www.bierfassheberverein.de\/wordpress\/wp-content\/uploads\/2016\/05\/Giessencup-2016-018.jpg 1024w\" sizes=\"auto, (max-width: 210px) 100vw, 210px\" \/><\/a>Am Samstag wurde der Gothaer Bierfassheberverein bei zwei Wettbewerben vertreten. Drei Athleten gingen in Gie\u00dfen zum 18. Champions Cup an den Start und unser Tobias Zinserling nahm zum ersten Mal beim st\u00e4rksten Mann von Crawinkel teil.<\/p>\n<p><!--more-->Unsere drei Athleten sind sehr erfolgreich mit drei Goldmedaillen aus Hessen zur\u00fcck gekehrt. F\u00fcr Jimmy M\u00fcller war es sein erster Wettkampf und er meisterte diesen ganz toll.<\/p>\n<p>Jimmy startete in der Klasse bis 66 KG bei den Aktiven und begann mit 85 KG, steigerte im Zweiten auf 90 KG. Nun lie\u00df er 95 KG aufstecken. Er schaffte dieses Gewicht, leider bewerteten die Kampfrichter seinen Versuch ung\u00fcltig und somit blieb es bei den 90 KG. Ein gute Leistung mit dem niedrigen K\u00f6rpergewicht von 60,3 Kg und alles ohne Equipment.<\/p>\n<p>Ronny Kreitl machte nach einer l\u00e4ngeren Wettkampfpause ( 02.11.2013 ) einen guten Wettkampf. Er ging bei den Senioren AK 1 in der Klasse bis 105 KG an den Start. Ronny begann mit sicheren 180 KG und steigerte im Zweiten auf 190 KG. Im dritten und letzten Versuch wollte Ronny es wissen und lies 200 KG auflegen. Leider war diese Last am gestrigen Tag noch zu schwer. In der Relativwertung aller Gewichtsklassen in der Altersklasse 1, belegte Ronny den zweiten Platz und bekam daf\u00fcr einen Pokal \u00fcberreicht.<\/p>\n<p>Unser \u00e4ltestes Mitglied Lothar Hildebrandt, machte wieder einmal einen sehr souver\u00e4nen Wettkampf. Bei den Herren der Altersklasse 4 in der Gewichtsklasse bis 105 KG begann Lothar mit 145, steigerte im Zweiten auf 155 KG und lies im dritten Versuch 160 KG aufstecken. Das war ein wenig zu viel, aber Lothar hat es sportlich gesehen. Dann schiebt er eben die 160 KG beim n\u00e4chsten Wettkampf in unserer Sporthalle. Am 04.06.2016 findet die Landesmeisterschaft aller Aktiven und Senioren bei uns am Brahmsweg statt.<\/p>\n<p>Alle drei Heber wurden gut und f\u00fcrsorglich von Regina Hildebrandt bekleidet und betreut.<\/p>\n<p>&nbsp;<\/p>\n<p>Tobias Zinserling, der zum ersten Mal zum St\u00e4rksten Mann in Crawinkel an den Start ging, belegte einen guten vierten Platz. Im Trabantziehen war er der St\u00e4rkste und mischte auch in allen Disziplinen bis auf Bierfasst-ransport und Bierglasheben vor mit.<\/p>\n<p>&nbsp;<\/p>\n<p>Pressemitteilung:<\/p>\n<p><a href=\"https:\/\/www.bierfassheberverein.de\/wordpress\/wp-content\/uploads\/2016\/05\/TA-Artikel-Gie\u00dfen-Cup-2016.pdf\" target=\"_blank\" rel=\"noopener\"><img loading=\"lazy\" decoding=\"async\" class=\"alignnone size-full wp-image-4219\" src=\"https:\/\/www.bierfassheberverein.de\/wordpress\/wp-content\/uploads\/2016\/05\/TA-Artikel-Gie\u00dfen-Cup-2016_link.jpg\" alt=\"TA Artikel Gie\u00dfen Cup 2016_link\" width=\"62\" height=\"151\"><\/a><\/p>\n","protected":false},"excerpt":{"rendered":"<p>Am Samstag wurde der Gothaer Bierfassheberverein bei zwei Wettbewerben vertreten. Drei Athleten gingen in Gie\u00dfen zum 18. Champions Cup an den Start und unser Tobias Zinserling nahm zum ersten Mal beim st\u00e4rksten Mann von Crawinkel teil.<\/p>\n","protected":false},"author":1,"featured_media":0,"comment_status":"open","ping_status":"closed","sticky":false,"template":"","format":"standard","meta":{"ngg_post_thumbnail":0,"footnotes":""},"categories":[6],"tags":[],"class_list":["post-4207","post","type-post","status-publish","format-standard","hentry","category-wettkampfe"],"_links":{"self":[{"href":"https:\/\/www.bierfassheberverein.de\/wordpress\/index.php?rest_route=\/wp\/v2\/posts\/4207","targetHints":{"allow":["GET"]}}],"collection":[{"href":"https:\/\/www.bierfassheberverein.de\/wordpress\/index.php?rest_route=\/wp\/v2\/posts"}],"about":[{"href":"https:\/\/www.bierfassheberverein.de\/wordpress\/index.php?rest_route=\/wp\/v2\/types\/post"}],"author":[{"embeddable":true,"href":"https:\/\/www.bierfassheberverein.de\/wordpress\/index.php?rest_route=\/wp\/v2\/users\/1"}],"replies":[{"embeddable":true,"href":"https:\/\/www.bierfassheberverein.de\/wordpress\/index.php?rest_route=%2Fwp%2Fv2%2Fcomments&post=4207"}],"version-history":[{"count":8,"href":"https:\/\/www.bierfassheberverein.de\/wordpress\/index.php?rest_route=\/wp\/v2\/posts\/4207\/revisions"}],"predecessor-version":[{"id":30361,"href":"https:\/\/www.bierfassheberverein.de\/wordpress\/index.php?rest_route=\/wp\/v2\/posts\/4207\/revisions\/30361"}],"wp:attachment":[{"href":"https:\/\/www.bierfassheberverein.de\/wordpress\/index.php?rest_route=%2Fwp%2Fv2%2Fmedia&parent=4207"}],"wp:term":[{"taxonomy":"category","embeddable":true,"href":"https:\/\/www.bierfassheberverein.de\/wordpress\/index.php?rest_route=%2Fwp%2Fv2%2Fcategories&post=4207"},{"taxonomy":"post_tag","embeddable":true,"href":"https:\/\/www.bierfassheberverein.de\/wordpress\/index.php?rest_route=%2Fwp%2Fv2%2Ftags&post=4207"}],"curies":[{"name":"wp","href":"https:\/\/api.w.org\/{rel}","templated":true}]}}