{"id":4153,"date":"2016-04-20T00:00:35","date_gmt":"2016-04-19T23:00:35","guid":{"rendered":"http:\/\/www.bierfassheberverein.de\/wordpress\/?p=4153"},"modified":"2017-11-12T21:01:13","modified_gmt":"2017-11-12T20:01:13","slug":"20-24-04-2016-wm-roedby-daenemark-im-bankdruecken","status":"publish","type":"post","link":"https:\/\/www.bierfassheberverein.de\/wordpress\/?p=4153","title":{"rendered":"19. &#8211; 24.04.2016 &#8211; WM R\u00f6dby \/ D\u00e4nemark im Bankdr\u00fccken"},"content":{"rendered":"<p><a href=\"https:\/\/www.bierfassheberverein.de\/wordpress\/index.php\/nggallery\/galleries\/WM-Bankdr%C3%BCcken-Senioren-2016?page_id=4055\"><img loading=\"lazy\" decoding=\"async\" class=\"alignright wp-image-1403\" src=\"https:\/\/www.bierfassheberverein.de\/wordpress\/wp-content\/uploads\/2012\/11\/Lothar_2012.jpg\" alt=\"Lothar_2012\" width=\"210\" height=\"158\"><\/a>Am Donnerstag den 21. April startete unser Sportfreund Lothar Hildebrandt in R\u00f6dby \/ D\u00e4nemark zur Weltmeisterschaft im Bankdr\u00fccken.<\/p>\n<p>Unser aktiver Bankdr\u00fccker Michael Hildebrandt startete am Sonntag, den 22. April beim gleichen Wettkampf.<\/p>\n<p>Wir sind sehr stolz, zwei Athleten zu so einem gro\u00dfen Event entsenden zu k\u00f6nnen. Beide haben sich ins Zeug gelegt und gute Ergebnisse geliefert. \ud83d\ude09<\/p>\n<p><!--more-->Es ist Lothars erste WM \u00fcberhaupt. Er ist gut vorbereitet nach R\u00f6dby gefahren und wurde von seiner Frau begleitet die ihn wie immer gut betreut hat. Mit diesen guten Vorsussetzungen hat unser Lothar es geschafft. Er gewann in seiner Gewichtsklasse bis 105 KG bei den Herren der Altersklasse 4&nbsp;mit 150 KG die Bronze Medaille.<\/p>\n<p>Es ist alle prima gelaufen. Lothar begann mit sicheren 140 KG, steigerte sich auf 147,5 KG im zweiten Versuch und konnte im Dritten 150 KG sicher in die Wertung bekommen.<\/p>\n<p>Die Konkurrenten waren sehr stark, um so mehr freute sich Lothar und seine Frau Regina \u00fcber das gute abschneiden bei seiner ersten Weltmeisterschaft. Wir haben den spannenden Wettkampf Live verfolgt und sind sehr stolz auf unser \u00e4ltestes Mitglied.<\/p>\n<p>Am Abend&nbsp;nahmen Beide am Bankett zum Wettkampf teil.<\/p>\n<p>&nbsp;<\/p>\n<p>&nbsp;<\/p>\n<p><a href=\"https:\/\/www.bierfassheberverein.de\/wordpress\/?page_id=4203\"><img loading=\"lazy\" decoding=\"async\" class=\"alignright wp-image-3113\" src=\"https:\/\/www.bierfassheberverein.de\/wordpress\/wp-content\/uploads\/2014\/08\/EM-BD-Pilsen-2014-001-300x199.jpg\" alt=\"EM BD Pilsen 2014 001\" width=\"210\" height=\"140\" srcset=\"https:\/\/www.bierfassheberverein.de\/wordpress\/wp-content\/uploads\/2014\/08\/EM-BD-Pilsen-2014-001-300x199.jpg 300w, https:\/\/www.bierfassheberverein.de\/wordpress\/wp-content\/uploads\/2014\/08\/EM-BD-Pilsen-2014-001.jpg 800w\" sizes=\"auto, (max-width: 210px) 100vw, 210px\" \/><\/a><\/p>\n<p>Michael Hildebrandt hat am Sonntagvormittag bei der Weltmeisterschaft in R\u00f6dby\/ D\u00e4nemark im Bankdr\u00fccken der Aktiven einen sehr guten neunten Platz in der Gewichtsklasse bis 93 KG belegt. Insgesamt traten 16 Athleten aus aller Welt gegen Michael an.<\/p>\n<p>Er begann gleich mit einer neuen pers\u00f6nlichen Bestleitung von 275 KG. Leider wurde sein erster Versuch ung\u00fcltig gewertet, sodass Michael diesen Versuch im Zweiten noch einmal wiederholte. Jetzt hat alles gepasst und er kam in der Wertung. Im dritten Versuch lies Michael 280 KG auflegen, diese waren heute leider noch zu schwer. Mit dieser Last w\u00e4re der 7.Platz drin gewesen. Nichtsdestotrotz, wir sind mit dem Ergebnis zufrieden. Top Ten mit Bestleistung, dass passt schon.<\/p>\n<p>\u201eEs war nicht mein Tag, aber ich konnte wenigstens einen g\u00fcltigen Versuch zeigen\u201c sagte Michael nach seinen Wettkampf. Andere Athleten hatten da so Ihre Probleme, wie Ihr in der Ergebnisliste sehen k\u00f6nnt. Der Erste ging mit neuem Weltrekord von 318 KG am Ende als Sieger hervor.<\/p>\n<p>Michael rei\u00dft am Montag wieder zur\u00fcck und genie\u00dft heute noch das Ende der WM beim abendlichen Bankett mit seiner Nicole.<\/p>\n<p>&nbsp;<\/p>\n<p>Hier findet Ihr alle Informationen \u00fcber die WM.<\/p>\n<p><a href=\"http:\/\/benchpressdenmark.dk\/\" target=\"_blank\" rel=\"noopener\">http:\/\/benchpressdenmark.dk\/<\/a><\/p>\n<p>&nbsp;<\/p>\n<p>Pressemitteilungen:<\/p>\n<p><a href=\"https:\/\/www.bierfassheberverein.de\/wordpress\/wp-content\/uploads\/2016\/04\/TA-Ank\u00fcndigung-WM-R\u00f6dby-19.04.2016.pdf\" target=\"_blank\" rel=\"noopener\"><img loading=\"lazy\" decoding=\"async\" class=\"alignnone size-full wp-image-4167\" src=\"https:\/\/www.bierfassheberverein.de\/wordpress\/wp-content\/uploads\/2016\/04\/TA-Ank\u00fcndigung-WM-R\u00f6dby-19.04.2016_link.jpg\" alt=\"TA Ank\u00fcndigung WM R\u00f6dby 19.04.2016_link\" width=\"68\" height=\"151\">&nbsp;&nbsp;&nbsp;&nbsp; <\/a><a href=\"https:\/\/www.bierfassheberverein.de\/wordpress\/wp-content\/uploads\/2016\/04\/TA-Artikel-WM-BD-2016-Lothar.pdf\" target=\"_blank\" rel=\"noopener\"><img loading=\"lazy\" decoding=\"async\" class=\"alignnone wp-image-4174\" src=\"https:\/\/www.bierfassheberverein.de\/wordpress\/wp-content\/uploads\/2016\/04\/Artikel-TA-vom-22.04.2016-137x300.jpg\" alt=\"Artikel TA vom 22.04.2016\" width=\"69\" height=\"150\" srcset=\"https:\/\/www.bierfassheberverein.de\/wordpress\/wp-content\/uploads\/2016\/04\/Artikel-TA-vom-22.04.2016-137x300.jpg 137w, https:\/\/www.bierfassheberverein.de\/wordpress\/wp-content\/uploads\/2016\/04\/Artikel-TA-vom-22.04.2016-366x800.jpg 366w, https:\/\/www.bierfassheberverein.de\/wordpress\/wp-content\/uploads\/2016\/04\/Artikel-TA-vom-22.04.2016.jpg 732w\" sizes=\"auto, (max-width: 69px) 100vw, 69px\" \/>&nbsp;&nbsp;&nbsp;&nbsp; <\/a><a href=\"https:\/\/www.bierfassheberverein.de\/wordpress\/wp-content\/uploads\/2016\/04\/TA-Artikel-WM-BD-2016-Micha.pdf\" target=\"_blank\" rel=\"noopener\"><img loading=\"lazy\" decoding=\"async\" class=\"alignnone wp-image-4188 size-full\" src=\"https:\/\/www.bierfassheberverein.de\/wordpress\/wp-content\/uploads\/2016\/04\/TA-Artikel-WM-BD-2016-Micha_link.jpg\" alt=\"TA Artikel WM BD 2016 Micha_link\" width=\"86\" height=\"151\"><\/a><\/p>\n","protected":false},"excerpt":{"rendered":"<p>Am Donnerstag den 21. April startete unser Sportfreund Lothar Hildebrandt in R\u00f6dby \/ D\u00e4nemark zur Weltmeisterschaft im Bankdr\u00fccken. Unser aktiver Bankdr\u00fccker Michael Hildebrandt startete am Sonntag, den 22. April beim gleichen Wettkampf. Wir sind sehr stolz, zwei Athleten zu so einem gro\u00dfen Event entsenden zu k\u00f6nnen. Beide haben sich ins Zeug gelegt und gute Ergebnisse &hellip; <\/p>\n<p class=\"link-more\"><a href=\"https:\/\/www.bierfassheberverein.de\/wordpress\/?p=4153\" class=\"more-link\"><span class=\"screen-reader-text\">\u201e19. &#8211; 24.04.2016 &#8211; WM R\u00f6dby \/ D\u00e4nemark im Bankdr\u00fccken\u201c <\/span>weiterlesen<\/a><\/p>\n","protected":false},"author":1,"featured_media":0,"comment_status":"open","ping_status":"closed","sticky":false,"template":"","format":"standard","meta":{"ngg_post_thumbnail":0,"footnotes":""},"categories":[6],"tags":[],"class_list":["post-4153","post","type-post","status-publish","format-standard","hentry","category-wettkampfe"],"_links":{"self":[{"href":"https:\/\/www.bierfassheberverein.de\/wordpress\/index.php?rest_route=\/wp\/v2\/posts\/4153","targetHints":{"allow":["GET"]}}],"collection":[{"href":"https:\/\/www.bierfassheberverein.de\/wordpress\/index.php?rest_route=\/wp\/v2\/posts"}],"about":[{"href":"https:\/\/www.bierfassheberverein.de\/wordpress\/index.php?rest_route=\/wp\/v2\/types\/post"}],"author":[{"embeddable":true,"href":"https:\/\/www.bierfassheberverein.de\/wordpress\/index.php?rest_route=\/wp\/v2\/users\/1"}],"replies":[{"embeddable":true,"href":"https:\/\/www.bierfassheberverein.de\/wordpress\/index.php?rest_route=%2Fwp%2Fv2%2Fcomments&post=4153"}],"version-history":[{"count":19,"href":"https:\/\/www.bierfassheberverein.de\/wordpress\/index.php?rest_route=\/wp\/v2\/posts\/4153\/revisions"}],"predecessor-version":[{"id":30359,"href":"https:\/\/www.bierfassheberverein.de\/wordpress\/index.php?rest_route=\/wp\/v2\/posts\/4153\/revisions\/30359"}],"wp:attachment":[{"href":"https:\/\/www.bierfassheberverein.de\/wordpress\/index.php?rest_route=%2Fwp%2Fv2%2Fmedia&parent=4153"}],"wp:term":[{"taxonomy":"category","embeddable":true,"href":"https:\/\/www.bierfassheberverein.de\/wordpress\/index.php?rest_route=%2Fwp%2Fv2%2Fcategories&post=4153"},{"taxonomy":"post_tag","embeddable":true,"href":"https:\/\/www.bierfassheberverein.de\/wordpress\/index.php?rest_route=%2Fwp%2Fv2%2Ftags&post=4153"}],"curies":[{"name":"wp","href":"https:\/\/api.w.org\/{rel}","templated":true}]}}