{"id":3941,"date":"2015-11-23T00:00:27","date_gmt":"2015-11-22T23:00:27","guid":{"rendered":"http:\/\/www.bierfassheberverein.de\/wordpress\/?p=3941"},"modified":"2017-11-10T21:31:39","modified_gmt":"2017-11-10T20:31:39","slug":"3941","status":"publish","type":"post","link":"https:\/\/www.bierfassheberverein.de\/wordpress\/?p=3941","title":{"rendered":"23. &#8211; 29.11.2015 &#8211; EM Bankdr\u00fccken in Eger (Ungarn)"},"content":{"rendered":"<p><a href=\"https:\/\/www.bierfassheberverein.de\/wordpress\/index.php\/nggallery\/galleries\/EM-Bankr%C3%BCcken-Eger-2015?page_id=3426\"><img loading=\"lazy\" decoding=\"async\" class=\"alignright wp-image-3962\" src=\"https:\/\/www.bierfassheberverein.de\/wordpress\/wp-content\/uploads\/2015\/11\/EM-DB-Eger-2015-003-300x200.jpg\" alt=\"EM DB Eger 2015 003\" width=\"210\" height=\"140\" srcset=\"https:\/\/www.bierfassheberverein.de\/wordpress\/wp-content\/uploads\/2015\/11\/EM-DB-Eger-2015-003-300x200.jpg 300w, https:\/\/www.bierfassheberverein.de\/wordpress\/wp-content\/uploads\/2015\/11\/EM-DB-Eger-2015-003-800x533.jpg 800w, https:\/\/www.bierfassheberverein.de\/wordpress\/wp-content\/uploads\/2015\/11\/EM-DB-Eger-2015-003.jpg 1068w\" sizes=\"auto, (max-width: 210px) 100vw, 210px\" \/><\/a>Unser Sportfreund Mario Hochberg nahm vom 23. bis 29. November an der Europameisterschaft im Bankdr\u00fccken in Eger (Ungarn) teil.<\/p>\n<p>Es war ein sehr gro\u00dfer Wettkampf mit 230 Athleten aus 44 L\u00e4ndern.<\/p>\n<p><!--more--><\/p>\n<p>&nbsp;<\/p>\n<p>Hier der Wettkampfbericht von Mario Hochberg:<\/p>\n<blockquote><p>Mit 165 Kg habe ich den 8. Platz belegt und in der offenen Wertung den 13. Platz. Leider bekam ich zweimal die 170 kg von den Kampfrichtern nicht g\u00fcltig und somit blieb es beim ersten Versuch.<\/p>\n<p>Die Kampfrichter haben im Allgemeinen sehr streng gewertet, was man an den Ergebnissen ablesen kann. \u00dcber 52 % der Versuche von allen Klassen (Frauen und M\u00e4nner) werteten die Herren ung\u00fcltig.<\/p>\n<p>Hat alles soweit gepasst, mein K\u00f6rpergewicht von 86.75 kg stimmte auch, nur die Zeit war f\u00fcr mich neu.<\/p>\n<p>Gegen 18.45 Uhr war ich in der ersten Gruppe dran. Es war ein gro\u00dfes Startfeld von 20 Athleten. Viele neue und vor allem junge Heber sind gegen mich angetreten.<\/p>\n<p>Mein Trainer Thomas Mersdorf und der Betreuer Dieter Grimm haben mich rundum gut auf den Wettbewerb vorbereitet, an denen lag es also auch nicht, die Stimmung in der Halle und die Bedingungen waren hervorragend. Ein ganz gro\u00dfes Lob an die Ungarn. Es fand alles im Hotel statt. Keine weiten Wege, kein Transfer, alles an einem Ort.<\/p>\n<p>Morgen ist unser Karina dran, sie startet in der Klasse bis 79 Kg. Es ist ihre erste EM, da werden wir sie ordentlich unterst\u00fctzen. Danach schaue ich mir die dicken Jungs noch an, wo ich fr\u00fcher auch mal war.<\/p>\n<p>Am Montag geht es zur\u00fcck, danach werde ich mich erst einmal in die Klinik begeben, um mein gesundheitliches Problem abkl\u00e4ren zu lassen. Es hat mich leider doch sehr beeintr\u00e4chtigt beim heben.<\/p>\n<p>Ich hoffe dass die \u00c4rzte etwas raus finden und mir helfen k\u00f6nnen. Danach setze ich mich mit meinem Trainer zusammen und wir planen f\u00fcr das n\u00e4chste Jahr. Nat\u00fcrlich ist der Weg nach Rio jetzt noch weiter weg, aber noch nicht ganz. Die Hoffnung stirbt zuletzt.<\/p><\/blockquote>\n<p>&nbsp;<\/p>\n<p><a href=\"https:\/\/www.bierfassheberverein.de\/wordpress\/?page_id=3959\"><img loading=\"lazy\" decoding=\"async\" class=\"alignleft wp-image-3964\" src=\"https:\/\/www.bierfassheberverein.de\/wordpress\/wp-content\/uploads\/2015\/11\/EM-DB-Eger-2015-001-200x300.jpg\" alt=\"EM DB Eger 2015 001\" width=\"140\" height=\"210\" srcset=\"https:\/\/www.bierfassheberverein.de\/wordpress\/wp-content\/uploads\/2015\/11\/EM-DB-Eger-2015-001-200x300.jpg 200w, https:\/\/www.bierfassheberverein.de\/wordpress\/wp-content\/uploads\/2015\/11\/EM-DB-Eger-2015-001-533x800.jpg 533w, https:\/\/www.bierfassheberverein.de\/wordpress\/wp-content\/uploads\/2015\/11\/EM-DB-Eger-2015-001.jpg 712w\" sizes=\"auto, (max-width: 140px) 100vw, 140px\" \/><\/a>Begleitet und betreut wurde Mario, wie zu allen internationalen Wettk\u00e4mpfen, vom Bundestrainer Thomas Mersdorf und dieses mal in Eger auch von Dieter Grimm.<\/p>\n<p>&nbsp;<\/p>\n<p>&nbsp;<\/p>\n<p>&nbsp;<\/p>\n<p>&nbsp;<\/p>\n<p>&nbsp;<\/p>\n<p>&nbsp;<\/p>\n<p>&nbsp;<\/p>\n<p>Pressemitteilung:<\/p>\n<p><a href=\"https:\/\/www.bierfassheberverein.de\/wordpress\/wp-content\/uploads\/2015\/12\/Artikel-TLZ-vom-01.12.2015.pdf\" target=\"_blank\" rel=\"noopener\"><img loading=\"lazy\" decoding=\"async\" class=\"alignnone size-full wp-image-3981\" src=\"https:\/\/www.bierfassheberverein.de\/wordpress\/wp-content\/uploads\/2015\/12\/Artikel-TLZ-vom-01.12.2015_link.jpg\" alt=\"Artikel TLZ vom 01.12.2015_link\" width=\"150\" height=\"86\"><\/a><\/p>\n<p>Zeitplan:<\/p>\n<p><a href=\"https:\/\/www.bierfassheberverein.de\/wordpress\/wp-content\/uploads\/2015\/11\/EM_IPF_Competition_Schedule_2015.pdf\" target=\"_blank\" rel=\"noopener\"><img loading=\"lazy\" decoding=\"async\" class=\"alignnone size-full wp-image-1420\" src=\"https:\/\/www.bierfassheberverein.de\/wordpress\/wp-content\/uploads\/2012\/11\/Zeitplan-DM-Kreuzheben-2012_link.jpg\" alt=\"Zeitplan DM Kreuzheben 2012_link\" width=\"106\" height=\"150\"><\/a><\/p>\n<p>&nbsp;<\/p>\n<h6>Quelle Zeitungsartikel: TLZ vom 01. Dezember 2015<\/h6>\n","protected":false},"excerpt":{"rendered":"<p>Unser Sportfreund Mario Hochberg nahm vom 23. bis 29. November an der Europameisterschaft im Bankdr\u00fccken in Eger (Ungarn) teil. Es war ein sehr gro\u00dfer Wettkampf mit 230 Athleten aus 44 L\u00e4ndern.<\/p>\n","protected":false},"author":1,"featured_media":0,"comment_status":"open","ping_status":"closed","sticky":false,"template":"","format":"standard","meta":{"ngg_post_thumbnail":0,"footnotes":""},"categories":[6],"tags":[],"class_list":["post-3941","post","type-post","status-publish","format-standard","hentry","category-wettkampfe"],"_links":{"self":[{"href":"https:\/\/www.bierfassheberverein.de\/wordpress\/index.php?rest_route=\/wp\/v2\/posts\/3941","targetHints":{"allow":["GET"]}}],"collection":[{"href":"https:\/\/www.bierfassheberverein.de\/wordpress\/index.php?rest_route=\/wp\/v2\/posts"}],"about":[{"href":"https:\/\/www.bierfassheberverein.de\/wordpress\/index.php?rest_route=\/wp\/v2\/types\/post"}],"author":[{"embeddable":true,"href":"https:\/\/www.bierfassheberverein.de\/wordpress\/index.php?rest_route=\/wp\/v2\/users\/1"}],"replies":[{"embeddable":true,"href":"https:\/\/www.bierfassheberverein.de\/wordpress\/index.php?rest_route=%2Fwp%2Fv2%2Fcomments&post=3941"}],"version-history":[{"count":11,"href":"https:\/\/www.bierfassheberverein.de\/wordpress\/index.php?rest_route=\/wp\/v2\/posts\/3941\/revisions"}],"predecessor-version":[{"id":28759,"href":"https:\/\/www.bierfassheberverein.de\/wordpress\/index.php?rest_route=\/wp\/v2\/posts\/3941\/revisions\/28759"}],"wp:attachment":[{"href":"https:\/\/www.bierfassheberverein.de\/wordpress\/index.php?rest_route=%2Fwp%2Fv2%2Fmedia&parent=3941"}],"wp:term":[{"taxonomy":"category","embeddable":true,"href":"https:\/\/www.bierfassheberverein.de\/wordpress\/index.php?rest_route=%2Fwp%2Fv2%2Fcategories&post=3941"},{"taxonomy":"post_tag","embeddable":true,"href":"https:\/\/www.bierfassheberverein.de\/wordpress\/index.php?rest_route=%2Fwp%2Fv2%2Ftags&post=3941"}],"curies":[{"name":"wp","href":"https:\/\/api.w.org\/{rel}","templated":true}]}}