{"id":33288,"date":"2018-02-24T00:00:44","date_gmt":"2018-02-23T23:00:44","guid":{"rendered":"http:\/\/www.bierfassheberverein.de\/wordpress\/?p=33288"},"modified":"2018-03-06T07:10:50","modified_gmt":"2018-03-06T06:10:50","slug":"24-02-2018-tlm-kraftdreikampf-mannschaft-in-ilmenau-r2","status":"publish","type":"post","link":"https:\/\/www.bierfassheberverein.de\/wordpress\/?p=33288","title":{"rendered":"24.02.2018 \u2013 TLM Kraftdreikampf Mannschaft in Ilmenau R2"},"content":{"rendered":"<p><a href=\"https:\/\/www.bierfassheberverein.de\/wordpress\/wp-content\/uploads\/2018\/02\/TLMKDKMA_R2_2018.jpg\" rel=\"lightbox-0\"><img loading=\"lazy\" decoding=\"async\" class=\"alignright wp-image-33289 size-medium\" src=\"https:\/\/www.bierfassheberverein.de\/wordpress\/wp-content\/uploads\/2018\/02\/TLMKDKMA_R2_2018-300x225.jpg\" alt=\"\" width=\"300\" height=\"225\" srcset=\"https:\/\/www.bierfassheberverein.de\/wordpress\/wp-content\/uploads\/2018\/02\/TLMKDKMA_R2_2018-300x225.jpg 300w, https:\/\/www.bierfassheberverein.de\/wordpress\/wp-content\/uploads\/2018\/02\/TLMKDKMA_R2_2018-768x576.jpg 768w, https:\/\/www.bierfassheberverein.de\/wordpress\/wp-content\/uploads\/2018\/02\/TLMKDKMA_R2_2018-800x600.jpg 800w, https:\/\/www.bierfassheberverein.de\/wordpress\/wp-content\/uploads\/2018\/02\/TLMKDKMA_R2_2018.jpg 1280w\" sizes=\"auto, (max-width: 300px) 100vw, 300px\" \/><\/a>Am Samstag dem 24. Februar, fand die 2. Runde der Th\u00fcringer Landesmeisterschaft im Kraftdreikampf in der Mannschaftswertung in Ilmenau statt. Der Gothaer Bierfassheberverein schickt das gleiche Team aus der Hinrunde ins Rennen.<\/p>\n<p>Unser Team hat sich wacker zur 2. Runde der Th\u00fcringer Landesmeisterschaft im KDK geschlagen.<\/p>\n<p>Trotz mehrerer neuen Bestleistungen und einer Steigerung zur Hinrunde, sind wir leider auf Platz vier gerutscht.<\/p>\n<p><!--more-->Nach oben war es sowieso schwer an die Teams ran zu kommen, aber gegen den Viertplatzierten Wei\u00dfensee wollten die Jungs als Sieger raus gehen. Leider hat sich Wei\u00dfensee noch einmal mit einem guten Gaststarter aus Lobenstein verst\u00e4rkt.<\/p>\n<p>Somit waren die Bierfassheber chancenlos. Trotzdem k\u00e4mpften alle vier Athleten bis zum Schluss und gaben nicht auf.<\/p>\n<p>Steffen Heinze&nbsp; 20 KG gesteigert auf Gesamt 495 KG n.p.B.<\/p>\n<p>Lucas Baumbach 17,5 KG gesteigert auf Gesamt 517,5 KG n.p.B.<\/p>\n<p>Markus Hake 10 KG gesteigert auf Gesamt 412,5 KG n.p.B<\/p>\n<p>Ronny Kreitl 7,5 KG gesteigert auf Gesamt 567,5 KG n.p.B<\/p>\n<p>Betreut und begleitet wurde unsere Mannschaft vom Jugendtrainer Robert M\u00f6ller und Iwan Schmelter.<\/p>\n<p>Wir sind stolz auf unser Team, das wieder komplett RAW angetreten ist und vor allem, dass unsere Mannschaft aus einem Verein ist.<\/p>\n<p>Dass andere Teams bei vier Athleten pro Mannschaft sich zwei gute Gaststarter ranholen, finden wir nicht ganz so toll.<\/p>\n<p>Sven Trey\u00dfe, Mario S\u00fclzenbr\u00fcck und Marco Schmid-Gursky waren als Kampfrichter eingeteilt. Marco legte seine praktische Pr\u00fcfung an diesem Wochenende erfolgreich in Ilmenau ab.<\/p>\n<p>Pressemitteilungen:<\/p>\n<p><a href=\"https:\/\/www.bierfassheberverein.de\/wordpress\/wp-content\/uploads\/2018\/03\/TA-Artikel-02.03.18-TLM-KDK-2.Runde_.pdf\" target=\"_blank\" rel=\"noopener\"><img loading=\"lazy\" decoding=\"async\" class=\"alignnone size-full wp-image-33299\" src=\"https:\/\/www.bierfassheberverein.de\/wordpress\/wp-content\/uploads\/2018\/03\/TA-Artikel-02.03.18-TLM-KDK-2.Runde_link.jpg\" alt=\"\" width=\"150\" height=\"171\"><\/a><\/p>\n<p>Ergebnisliste:<\/p>\n<p><a href=\"https:\/\/www.bierfassheberverein.de\/wordpress\/wp-content\/uploads\/2018\/02\/2.Runde-2018-Jug-und-Jun-TLMM-KDK.pdf\" target=\"_blank\" rel=\"noopener\"><img loading=\"lazy\" decoding=\"async\" class=\"size-full wp-image-474 alignnone\" src=\"https:\/\/www.bierfassheberverein.de\/wordpress\/wp-content\/uploads\/2012\/06\/Ergebnisliste_TLM_BD_Frauen_u_Aktive_21.05.2011.jpg\" alt=\"\" width=\"115\" height=\"83\"><\/a> <a href=\"https:\/\/www.bierfassheberverein.de\/wordpress\/wp-content\/uploads\/2018\/02\/2.Runde-2018-Aktive-TLMM-KDK.pdf\" target=\"_blank\" rel=\"noopener\">&nbsp;&nbsp;&nbsp;&nbsp; <img loading=\"lazy\" decoding=\"async\" class=\"alignnone size-full wp-image-487\" src=\"https:\/\/www.bierfassheberverein.de\/wordpress\/wp-content\/uploads\/2012\/06\/Ergebnisliste_TLM_BD_Jug_Jun_Sen_14.05.2011.jpg\" alt=\"\" width=\"115\" height=\"83\">&nbsp;&nbsp;&nbsp;&nbsp;&nbsp;<\/a><a href=\"https:\/\/www.bierfassheberverein.de\/wordpress\/wp-content\/uploads\/2018\/02\/Gesamtwertung-2018-TLMM-KDK.pdf\" target=\"_blank\" rel=\"noopener\"><img loading=\"lazy\" decoding=\"async\" class=\"alignnone size-full wp-image-2606\" src=\"https:\/\/www.bierfassheberverein.de\/wordpress\/wp-content\/uploads\/2014\/01\/Mannschaftsliste_BL_KDK_01_2014_link.jpg\" alt=\"\" width=\"150\" height=\"106\"><\/a><\/p>\n","protected":false},"excerpt":{"rendered":"<p>Am Samstag dem 24. Februar, fand die 2. Runde der Th\u00fcringer Landesmeisterschaft im Kraftdreikampf in der Mannschaftswertung in Ilmenau statt. Der Gothaer Bierfassheberverein schickt das gleiche Team aus der Hinrunde ins Rennen. Unser Team hat sich wacker zur 2. Runde der Th\u00fcringer Landesmeisterschaft im KDK geschlagen. Trotz mehrerer neuen Bestleistungen und einer Steigerung zur Hinrunde, &hellip; <\/p>\n<p class=\"link-more\"><a href=\"https:\/\/www.bierfassheberverein.de\/wordpress\/?p=33288\" class=\"more-link\"><span class=\"screen-reader-text\">\u201e24.02.2018 \u2013 TLM Kraftdreikampf Mannschaft in Ilmenau R2\u201c <\/span>weiterlesen<\/a><\/p>\n","protected":false},"author":1,"featured_media":0,"comment_status":"open","ping_status":"closed","sticky":false,"template":"","format":"standard","meta":{"ngg_post_thumbnail":0,"footnotes":""},"categories":[6],"tags":[],"class_list":["post-33288","post","type-post","status-publish","format-standard","hentry","category-wettkampfe"],"_links":{"self":[{"href":"https:\/\/www.bierfassheberverein.de\/wordpress\/index.php?rest_route=\/wp\/v2\/posts\/33288","targetHints":{"allow":["GET"]}}],"collection":[{"href":"https:\/\/www.bierfassheberverein.de\/wordpress\/index.php?rest_route=\/wp\/v2\/posts"}],"about":[{"href":"https:\/\/www.bierfassheberverein.de\/wordpress\/index.php?rest_route=\/wp\/v2\/types\/post"}],"author":[{"embeddable":true,"href":"https:\/\/www.bierfassheberverein.de\/wordpress\/index.php?rest_route=\/wp\/v2\/users\/1"}],"replies":[{"embeddable":true,"href":"https:\/\/www.bierfassheberverein.de\/wordpress\/index.php?rest_route=%2Fwp%2Fv2%2Fcomments&post=33288"}],"version-history":[{"count":5,"href":"https:\/\/www.bierfassheberverein.de\/wordpress\/index.php?rest_route=\/wp\/v2\/posts\/33288\/revisions"}],"predecessor-version":[{"id":33300,"href":"https:\/\/www.bierfassheberverein.de\/wordpress\/index.php?rest_route=\/wp\/v2\/posts\/33288\/revisions\/33300"}],"wp:attachment":[{"href":"https:\/\/www.bierfassheberverein.de\/wordpress\/index.php?rest_route=%2Fwp%2Fv2%2Fmedia&parent=33288"}],"wp:term":[{"taxonomy":"category","embeddable":true,"href":"https:\/\/www.bierfassheberverein.de\/wordpress\/index.php?rest_route=%2Fwp%2Fv2%2Fcategories&post=33288"},{"taxonomy":"post_tag","embeddable":true,"href":"https:\/\/www.bierfassheberverein.de\/wordpress\/index.php?rest_route=%2Fwp%2Fv2%2Ftags&post=33288"}],"curies":[{"name":"wp","href":"https:\/\/api.w.org\/{rel}","templated":true}]}}