{"id":2843,"date":"2014-05-03T00:00:45","date_gmt":"2014-05-02T23:00:45","guid":{"rendered":"http:\/\/www.bierfassheberverein.de\/wordpress\/?p=2843"},"modified":"2017-11-10T14:32:19","modified_gmt":"2017-11-10T13:32:19","slug":"2843","status":"publish","type":"post","link":"https:\/\/www.bierfassheberverein.de\/wordpress\/?p=2843","title":{"rendered":"03.05.2014 &#8211; 16. Gie\u00dfener Champions Cup"},"content":{"rendered":"<p><a title=\"Gie\u00dfner Champions Cup 2014\" href=\"https:\/\/www.bierfassheberverein.de\/wordpress\/index.php\/nggallery\/galleries\/Gie%C3%9Fen-Cup-2014?page_id=2561\"><img loading=\"lazy\" decoding=\"async\" class=\"alignright wp-image-2851\" src=\"https:\/\/www.bierfassheberverein.de\/wordpress\/wp-content\/uploads\/2014\/05\/giessencup_2014_129-e1399140374241-300x201.jpg\" alt=\"giessencup_2014_129\" width=\"210\" height=\"141\" srcset=\"https:\/\/www.bierfassheberverein.de\/wordpress\/wp-content\/uploads\/2014\/05\/giessencup_2014_129-e1399140374241-300x201.jpg 300w, https:\/\/www.bierfassheberverein.de\/wordpress\/wp-content\/uploads\/2014\/05\/giessencup_2014_129-e1399140374241.jpg 526w\" sizes=\"auto, (max-width: 210px) 100vw, 210px\" \/><\/a>Am Samstag den 03. Mai fand der 16. Gie\u00dfener Championscup im Bankdr\u00fccken statt. Der Gothaer Bierfassheberverein folgt dieser Einladung jedes Jahr. Mit 8 Athleten gingen wir an den Start.<\/p>\n<p>Unser Ziel, in den Einzelwertungen mehrere Medaillen zu gewinnen und in der Mannschaftswertung wieder ganz vorne anzugreifen, ist voll aufgegangen. In der&nbsp;Mannschaftswertung konnten wir den zweiten Platz f\u00fcr uns entscheiden. Der 1. Platz ging an A.C.E. Gie\u00dfen.<\/p>\n<p><!--more--><\/p>\n<p>In den Relativwertungen belegten wir zweimal den 1. Platz, zweimal den 2. Platz und einmal den 3. Platz. Diese Sportsfreunde wurden daf\u00fcr extra mit einem Pokal ausgezeichnet.<\/p>\n<p><a title=\"Gie\u00dfner Champions Cup 2014\" href=\"https:\/\/www.bierfassheberverein.de\/wordpress\/?page_id=2849\"><img loading=\"lazy\" decoding=\"async\" class=\"alignleft wp-image-2861\" src=\"https:\/\/www.bierfassheberverein.de\/wordpress\/wp-content\/uploads\/2014\/05\/giessencup_2014_125-225x300.jpg\" alt=\"giessencup_2014_125\" width=\"158\" height=\"210\" srcset=\"https:\/\/www.bierfassheberverein.de\/wordpress\/wp-content\/uploads\/2014\/05\/giessencup_2014_125-225x300.jpg 225w, https:\/\/www.bierfassheberverein.de\/wordpress\/wp-content\/uploads\/2014\/05\/giessencup_2014_125.jpg 450w\" sizes=\"auto, (max-width: 158px) 100vw, 158px\" \/><\/a>Bei der Mannschaftswertung war es bis zum Schluss sehr spannend. Trotzdem sind wir mit dieser super Teamleistung sehr zufrieden. Gie\u00dfen war Gestern ein klein wenig st\u00e4rker, was uns nat\u00fcrlich gleich f\u00fcr das n\u00e4chste Jahr motiviert den Titel zur\u00fcck zu holen.<\/p>\n<p>F\u00fcr Hans Joachim Hoche, Philipp Pferner, Lothar Hildebrandt und Horst Fischer war es der erste Wettkampf in Gie\u00dfen. Sie waren alle sehr \u00fcberrascht wie herzlich der Gothaer Bierfassheberverein in Hessen begr\u00fc\u00dft wurde und die Bedingungen einfach klasse waren.<\/p>\n<p>Nach einer sehr langen Wettkampfpause war es f\u00fcr Philipp (letzter WK 2004) und Hans Joachim (letzter WK 2006) wieder ein sch\u00f6nes Gef\u00fchl dabei und erfolgreich zu sein.<\/p>\n<p>Horst Fischer und Lothar Hildebrandt (unser \u00e4ltester Heber) best\u00e4tigten Ihre momentanen Leistungen und lieferten einen guten Wettkampf ab.<\/p>\n<p>Enrico Wolf und Andreas Berkner zeigten gute Leistungen und haben f\u00fcr die n\u00e4chsten Wettk\u00e4mpfe noch mehr Potential nach oben.<\/p>\n<p>Michael Hildebrandt nutzte diesen Wettkampf als Test f\u00fcr die anstehende Weltmeisterschaft. Diese findet vom 21. bis 25. Mai in R\u00f6dby \/ D\u00e4nemark statt. Er wollte sein neues spezielles Equipment unter realen Wettkampfbedinungen ausprobieren. Mit unglaublichen 242,5 KG stellte er eine neue pers\u00f6nliche Bestleistung auf.<\/p>\n<p>F\u00fcr Mario Hochberg war es nach der WM in Dubai wieder ein guter Wettkampf.<\/p>\n<p>Zur\u00fcck aus den Emiraten in das kalte Deutschland hat er einen Tag sp\u00e4ter eine Erk\u00e4ltung bekommen. Somit war einen optimale Vorbereitung f\u00fcr Gie\u00dfen nicht m\u00f6glich. F\u00fcnf Trainingseinheiten mussten daf\u00fcr reichen.<\/p>\n<p>Wie jedes Jahr findet am gleichen Ort die Deutsche Meisterschaft vom Behindertensportverband (DBS) statt. Nat\u00fcrlich nahm Mario daran teil und ist mit seiner Leistung Deutscher Meister geworden. Das war Mario\u00b4s zw\u00f6lfter Deutscher Meister Titel in seiner sportlichen Laufbahn.<\/p>\n<p>Unser Ergebnis in der \u00dcbersicht:<\/p>\n<table>\n<tbody>\n<tr>\n<td><strong>Name, Vorname<\/strong><\/td>\n<td><strong>Klasse<\/strong><\/td>\n<td><strong>Altersklasse<\/strong><\/td>\n<td><strong>Ergebnis<\/strong><\/td>\n<td><strong>Platzierungen<\/strong><\/td>\n<\/tr>\n<tr>\n<td>Enrico Wolf<\/td>\n<td>-83<\/td>\n<td>Aktiver<\/td>\n<td>160 kg<\/td>\n<td>1. Platz + 2. Platz Relativ<\/td>\n<\/tr>\n<tr>\n<td>Mario Hochberg<\/td>\n<td>-83<\/td>\n<td>AK 1<\/td>\n<td>170 kg<\/td>\n<td>1. Platz + 1. Platz Relativ<\/td>\n<\/tr>\n<tr>\n<td>Hans Joachim Hoche<\/td>\n<td>-93<\/td>\n<td>AK 2<\/td>\n<td>157,5 kg<\/td>\n<td>3. Platz + 3. Platz Relativ<\/td>\n<\/tr>\n<tr>\n<td>Horst Fischer<\/td>\n<td>-93<\/td>\n<td>AK 2<\/td>\n<td>150 kg<\/td>\n<td>4. Platz<\/td>\n<\/tr>\n<tr>\n<td>Andreas Berkner<\/td>\n<td>-93<\/td>\n<td>Aktiver<\/td>\n<td>170 kg<\/td>\n<td>1. Platz<\/td>\n<\/tr>\n<tr>\n<td>Michael Hildebrandt<\/td>\n<td>-105<\/td>\n<td>Aktiver<\/td>\n<td>242,5 kg<\/td>\n<td>2. Platz + 2. Platz Relativ<\/td>\n<\/tr>\n<tr>\n<td>Phillip Pferner<\/td>\n<td>-105<\/td>\n<td>Aktiver<\/td>\n<td>165 kg<\/td>\n<td>3. Platz<\/td>\n<\/tr>\n<tr>\n<td>Lothar Hildebrandt<\/td>\n<td>-105<\/td>\n<td>AK 4<\/td>\n<td>162,5 kg<\/td>\n<td>1. Platz + 1. Platz Relativ<\/td>\n<\/tr>\n<\/tbody>\n<\/table>\n<p>Schon in zwei Wochen startet der Gothaer Bierfassheberverein zur Th\u00fcringer Landesmeisterschaft der Junioren und Senioren in G\u00fcnstedt und der erste Start von Michael Hildebrandt zur Weltmeisterschaft in D\u00e4nemark. Am 24. Mai richtet der Verein in seiner Sporthalle am Brahmsweg die Landesmeisterschaft im Bankdr\u00fccken der Aktiven aus.<\/p>\n<p>Es war ein sch\u00f6ner Wettkampftag, mit einer super Mannschaftsleistung und einer klasse Stimmung im Team. Wir danken unseren Betreuern f\u00fcr Ihre tatkr\u00e4ftige Unterst\u00fctzung.<\/p>\n<p>Wie immer hat der A.C.E. Gie\u00dfen f\u00fcr eine reibungslose und sehr angenehme Wettkampfatmosph\u00e4re gesorgt.<\/p>\n<p>&nbsp;<\/p>\n<p>Pressemitteilungn:<\/p>\n<p><a href=\"https:\/\/www.bierfassheberverein.de\/wordpress\/wp-content\/uploads\/2014\/05\/Artikel-TA-06.05.2014.pdf\" target=\"_blank\" rel=\"noopener\"><img loading=\"lazy\" decoding=\"async\" class=\"alignnone size-full wp-image-2875\" src=\"https:\/\/www.bierfassheberverein.de\/wordpress\/wp-content\/uploads\/2014\/05\/Artikel-TA-06.05.2014_link.jpg\" alt=\"Artikel TA 06.05.2014_link\" width=\"150\" height=\"106\"><\/a><\/p>\n<h6>Quelle: Th\u00fcringer Allgemeine vom 06.05.2014<\/h6>\n","protected":false},"excerpt":{"rendered":"<p>Am Samstag den 03. Mai fand der 16. Gie\u00dfener Championscup im Bankdr\u00fccken statt. Der Gothaer Bierfassheberverein folgt dieser Einladung jedes Jahr. Mit 8 Athleten gingen wir an den Start. Unser Ziel, in den Einzelwertungen mehrere Medaillen zu gewinnen und in der Mannschaftswertung wieder ganz vorne anzugreifen, ist voll aufgegangen. In der&nbsp;Mannschaftswertung konnten wir den zweiten &hellip; <\/p>\n<p class=\"link-more\"><a href=\"https:\/\/www.bierfassheberverein.de\/wordpress\/?p=2843\" class=\"more-link\"><span class=\"screen-reader-text\">\u201e03.05.2014 &#8211; 16. Gie\u00dfener Champions Cup\u201c <\/span>weiterlesen<\/a><\/p>\n","protected":false},"author":1,"featured_media":0,"comment_status":"open","ping_status":"closed","sticky":false,"template":"","format":"standard","meta":{"ngg_post_thumbnail":0,"footnotes":""},"categories":[6],"tags":[],"class_list":["post-2843","post","type-post","status-publish","format-standard","hentry","category-wettkampfe"],"_links":{"self":[{"href":"https:\/\/www.bierfassheberverein.de\/wordpress\/index.php?rest_route=\/wp\/v2\/posts\/2843","targetHints":{"allow":["GET"]}}],"collection":[{"href":"https:\/\/www.bierfassheberverein.de\/wordpress\/index.php?rest_route=\/wp\/v2\/posts"}],"about":[{"href":"https:\/\/www.bierfassheberverein.de\/wordpress\/index.php?rest_route=\/wp\/v2\/types\/post"}],"author":[{"embeddable":true,"href":"https:\/\/www.bierfassheberverein.de\/wordpress\/index.php?rest_route=\/wp\/v2\/users\/1"}],"replies":[{"embeddable":true,"href":"https:\/\/www.bierfassheberverein.de\/wordpress\/index.php?rest_route=%2Fwp%2Fv2%2Fcomments&post=2843"}],"version-history":[{"count":20,"href":"https:\/\/www.bierfassheberverein.de\/wordpress\/index.php?rest_route=\/wp\/v2\/posts\/2843\/revisions"}],"predecessor-version":[{"id":26552,"href":"https:\/\/www.bierfassheberverein.de\/wordpress\/index.php?rest_route=\/wp\/v2\/posts\/2843\/revisions\/26552"}],"wp:attachment":[{"href":"https:\/\/www.bierfassheberverein.de\/wordpress\/index.php?rest_route=%2Fwp%2Fv2%2Fmedia&parent=2843"}],"wp:term":[{"taxonomy":"category","embeddable":true,"href":"https:\/\/www.bierfassheberverein.de\/wordpress\/index.php?rest_route=%2Fwp%2Fv2%2Fcategories&post=2843"},{"taxonomy":"post_tag","embeddable":true,"href":"https:\/\/www.bierfassheberverein.de\/wordpress\/index.php?rest_route=%2Fwp%2Fv2%2Ftags&post=2843"}],"curies":[{"name":"wp","href":"https:\/\/api.w.org\/{rel}","templated":true}]}}