{"id":2812,"date":"2014-04-05T00:00:17","date_gmt":"2014-04-04T23:00:17","guid":{"rendered":"http:\/\/www.bierfassheberverein.de\/wordpress\/?p=2812"},"modified":"2017-11-05T10:12:06","modified_gmt":"2017-11-05T09:12:06","slug":"05-04-2014-22-sportgala-des-landkreises-gotha","status":"publish","type":"post","link":"https:\/\/www.bierfassheberverein.de\/wordpress\/?p=2812","title":{"rendered":"05.04.2014 &#8211; 22. Sportgala des Landkreises Gotha"},"content":{"rendered":"<p>Am Samstag, den 05.04.2014, zur 22. Sportgala des Landkreises Gotha, Th\u00fcringen, <a title=\"Sportgala 2014\" href=\"https:\/\/www.bierfassheberverein.de\/wordpress\/index.php\/nggallery\/galleries\/Sportgala-2014?page_id=10613\"><img loading=\"lazy\" decoding=\"async\" class=\"alignright wp-image-2815\" src=\"https:\/\/www.bierfassheberverein.de\/wordpress\/wp-content\/uploads\/2014\/04\/Sportgala-2014-300x207.jpg\" alt=\"Sportgala 2014\" width=\"210\" height=\"145\" srcset=\"https:\/\/www.bierfassheberverein.de\/wordpress\/wp-content\/uploads\/2014\/04\/Sportgala-2014-300x207.jpg 300w, https:\/\/www.bierfassheberverein.de\/wordpress\/wp-content\/uploads\/2014\/04\/Sportgala-2014.jpg 800w\" sizes=\"auto, (max-width: 210px) 100vw, 210px\" \/><\/a>wurde er von der Jury, bei der Wahl zum Sportler des Jahres 2013, auf Platz 2, hinter dem Leichtathlet Martin Brieger, gew\u00e4hlt.<\/p>\n<p><!--more--><\/p>\n<p>Der bekannte 1500-Meter Weltrekordl\u00e4ufer Jim Ryan \u00e4u\u00dferte sich einmal dahingehend so: &#8222;Das Schwerste ist, dem Menschen glauben zu machen, dass auch Kraftanstrengungen ein Vergn\u00fcgen sein sollen.&#8220;<\/p>\n<p>Und das vermittelt Tobias Zinserling bei jedem seiner Kraftakte vergn\u00fcglich. Er hat sich, seitdem er sich dem Gothaer Bierfassheberverein angeschlossen hat, zu einem der Besten Deutschen Kraftdreik\u00e4mpfer entwickelt. Sein Ehrgeiz und seine Energie, die er zum Training und auch im Wettkampf einbringt, ist Beispiel gebend. Kein Wettkampf, kein Weg ist ihm zu viel oder zu weit, um an die Hantel zu gehen. Wenn seine Trainingskameraden nach einer Pause rufen, schreit er: \u201enoch mehr\u201c. Seine Lieblingsdisziplin, das Kreuzheben, zelebriert er mit Inbrunst. Eine H\u00f6chstlast von 350 kg hat er schon mehrere Male nicht geschafft, daf\u00fcr 340 kg, 342,5 kg 345 kg und auch 347,5 kg, die 350 kg wollen einfach nicht kommen.<\/p>\n<p>Aber er w\u00e4re nicht der, der er ist, er arbeitet daran, und das wie immer, sehr verbissen.<\/p>\n<p>Neben dem Kraftdreikampf, hebt der 135 kg Top-Athlet alles was ihm angeboten wird, ob das Steine von mehr als 400 kg sind oder ein, mit 450 kg Hantelscheiben, voll geladener PKW Trabant (wurde Millionenfach in der DDR gebaut), und wenn es sein muss, zwei Tage hintereinander!<\/p>\n<p>So ist &#8222;Zinse&#8220; eben, und so soll er bleiben.<\/p>\n<p>&nbsp;<\/p>\n<p>Pressemitteilungen:<\/p>\n<p><a href=\"https:\/\/www.bierfassheberverein.de\/wordpress\/wp-content\/uploads\/2014\/04\/Artikel-TA-05.04.2014.pdf\" target=\"_blank\" rel=\"noopener\"><img loading=\"lazy\" decoding=\"async\" class=\"alignnone wp-image-2814 size-full\" src=\"https:\/\/www.bierfassheberverein.de\/wordpress\/wp-content\/uploads\/2014\/04\/Artikel-TA-05.04.2014_link.jpg\" alt=\"Artikel TA 05.04.2014_link\" width=\"150\" height=\"106\"><\/a><\/p>\n<p>&nbsp;<\/p>\n<h6>Quelle: Th\u00fcringer Allgemeine vom 05.04.2014<br \/>\nBeitrag von Werner H\u00e4fner Kampfrichterobmann und Pressereferent f\u00fcr Kraftdreikampf im Th\u00fcringer-Athleten-Verband<\/h6>\n<p>&nbsp;<\/p>\n","protected":false},"excerpt":{"rendered":"<p>Am Samstag, den 05.04.2014, zur 22. Sportgala des Landkreises Gotha, Th\u00fcringen, wurde er von der Jury, bei der Wahl zum Sportler des Jahres 2013, auf Platz 2, hinter dem Leichtathlet Martin Brieger, gew\u00e4hlt.<\/p>\n","protected":false},"author":1,"featured_media":0,"comment_status":"open","ping_status":"closed","sticky":false,"template":"","format":"standard","meta":{"ngg_post_thumbnail":0,"footnotes":""},"categories":[5],"tags":[],"class_list":["post-2812","post","type-post","status-publish","format-standard","hentry","category-sonstiges"],"_links":{"self":[{"href":"https:\/\/www.bierfassheberverein.de\/wordpress\/index.php?rest_route=\/wp\/v2\/posts\/2812","targetHints":{"allow":["GET"]}}],"collection":[{"href":"https:\/\/www.bierfassheberverein.de\/wordpress\/index.php?rest_route=\/wp\/v2\/posts"}],"about":[{"href":"https:\/\/www.bierfassheberverein.de\/wordpress\/index.php?rest_route=\/wp\/v2\/types\/post"}],"author":[{"embeddable":true,"href":"https:\/\/www.bierfassheberverein.de\/wordpress\/index.php?rest_route=\/wp\/v2\/users\/1"}],"replies":[{"embeddable":true,"href":"https:\/\/www.bierfassheberverein.de\/wordpress\/index.php?rest_route=%2Fwp%2Fv2%2Fcomments&post=2812"}],"version-history":[{"count":7,"href":"https:\/\/www.bierfassheberverein.de\/wordpress\/index.php?rest_route=\/wp\/v2\/posts\/2812\/revisions"}],"predecessor-version":[{"id":10668,"href":"https:\/\/www.bierfassheberverein.de\/wordpress\/index.php?rest_route=\/wp\/v2\/posts\/2812\/revisions\/10668"}],"wp:attachment":[{"href":"https:\/\/www.bierfassheberverein.de\/wordpress\/index.php?rest_route=%2Fwp%2Fv2%2Fmedia&parent=2812"}],"wp:term":[{"taxonomy":"category","embeddable":true,"href":"https:\/\/www.bierfassheberverein.de\/wordpress\/index.php?rest_route=%2Fwp%2Fv2%2Fcategories&post=2812"},{"taxonomy":"post_tag","embeddable":true,"href":"https:\/\/www.bierfassheberverein.de\/wordpress\/index.php?rest_route=%2Fwp%2Fv2%2Ftags&post=2812"}],"curies":[{"name":"wp","href":"https:\/\/api.w.org\/{rel}","templated":true}]}}