{"id":2799,"date":"2014-04-15T00:01:43","date_gmt":"2014-04-14T23:01:43","guid":{"rendered":"http:\/\/www.bierfassheberverein.de\/wordpress\/?p=2799"},"modified":"2017-11-05T10:11:21","modified_gmt":"2017-11-05T09:11:21","slug":"15-04-2014-ehrenamtspreis-2014-aktiv-fuer-uns-in-der-region","status":"publish","type":"post","link":"https:\/\/www.bierfassheberverein.de\/wordpress\/?p=2799","title":{"rendered":"15.04.2014 &#8211; Ehrenamtspreis 2014 \u201eAktiv f\u00fcr uns in der Region\u201c"},"content":{"rendered":"<p>Regina Hildebrand erhielt am vergangenen Dienstag den 15. April, den mit 1500 Euro dotierten Ehrenamtspreis \u201eAktiv f\u00fcr uns in der Region\u201c, der Regionalstiftung der Kreissparkasse Gotha.<a title=\"Ehrenamtpreis 2014\" href=\"https:\/\/www.bierfassheberverein.de\/wordpress\/index.php\/nggallery\/galleries\/Ehrenamtspreis-2014?page_id=10613\"><img loading=\"lazy\" decoding=\"async\" class=\"alignright wp-image-2803\" src=\"https:\/\/www.bierfassheberverein.de\/wordpress\/wp-content\/uploads\/2014\/04\/Ehrenamtpreis-2014-006-300x199.jpg\" alt=\"Ehrenamtpreis 2014\" width=\"210\" height=\"139\" srcset=\"https:\/\/www.bierfassheberverein.de\/wordpress\/wp-content\/uploads\/2014\/04\/Ehrenamtpreis-2014-006-300x199.jpg 300w, https:\/\/www.bierfassheberverein.de\/wordpress\/wp-content\/uploads\/2014\/04\/Ehrenamtpreis-2014-006.jpg 800w\" sizes=\"auto, (max-width: 210px) 100vw, 210px\" \/><\/a><\/p>\n<p>Der Preis wird f\u00fcr engagierte B\u00fcrgerinnen und B\u00fcrger von der Regionalstiftung der Kreissparkasse Gotha gestiftet.<\/p>\n<p><!--more--><\/p>\n<p>Regina und Lothar Hildebrandt engagieren sich sehr stark in unserem Verein. Es vergeht kein Tag an dem die beiden nicht f\u00fcr den Gothaer Bierfassheberverein unterwegs sind. Beide sorgen daf\u00fcr das unser Vereinsleben reibungslos von statten gehen kann.<\/p>\n<p>Der Preis wurde vom Vorsitzenden des Stiftungsvorstandes, J\u00f6rg Krieglstein \u00fcberreicht. Unser Vorstandsmitglied Isabel Riede hielt die Laudatio f\u00fcr Regina.<\/p>\n<p>&nbsp;<\/p>\n<p>Wir danken Regina und Lothar f\u00fcr Ihr Engagement und ihrem Einsatz in Verein.<\/p>\n<p>&nbsp;<\/p>\n<p>Pressemitteilungen:<\/p>\n<p><a href=\"https:\/\/www.bierfassheberverein.de\/wordpress\/wp-content\/uploads\/2014\/04\/Artikel-TA-16.04.2014.pdf\" target=\"_blank\" rel=\"noopener\"><img loading=\"lazy\" decoding=\"async\" class=\"alignnone wp-image-2809 size-full\" src=\"https:\/\/www.bierfassheberverein.de\/wordpress\/wp-content\/uploads\/2014\/04\/Artikel-TA-16.04.2014_link.jpg\" alt=\"Artikel TA 16.04.2014_link\" width=\"53\" height=\"150\"><\/a>&nbsp;&nbsp;&nbsp;&nbsp; <a href=\"https:\/\/www.bierfassheberverein.de\/wordpress\/wp-content\/uploads\/2014\/04\/Artikel-Oskar-Ehrung-Regina.pdf\" target=\"_blank\" rel=\"noopener\"><img loading=\"lazy\" decoding=\"async\" class=\"alignnone size-full wp-image-2841\" src=\"https:\/\/www.bierfassheberverein.de\/wordpress\/wp-content\/uploads\/2014\/04\/Artikel-Oskar-Ehrung-Regina_link.jpg\" alt=\"Artikel Oskar Ehrung Regina_link\" width=\"150\" height=\"106\"><\/a><\/p>\n<h6>Quelle Zeitungsartikel: <em><em>Th\u00fcringer Allgemeine vom 16.04.2014<\/em><\/em><br \/>\nQuelle Foto: Uwe-Jens Igel \/ Allgemeiner Anzeiger<\/h6>\n<p>&nbsp;<\/p>\n","protected":false},"excerpt":{"rendered":"<p>Regina Hildebrand erhielt am vergangenen Dienstag den 15. April, den mit 1500 Euro dotierten Ehrenamtspreis \u201eAktiv f\u00fcr uns in der Region\u201c, der Regionalstiftung der Kreissparkasse Gotha. Der Preis wird f\u00fcr engagierte B\u00fcrgerinnen und B\u00fcrger von der Regionalstiftung der Kreissparkasse Gotha gestiftet.<\/p>\n","protected":false},"author":1,"featured_media":0,"comment_status":"open","ping_status":"closed","sticky":false,"template":"","format":"standard","meta":{"ngg_post_thumbnail":0,"footnotes":""},"categories":[5],"tags":[],"class_list":["post-2799","post","type-post","status-publish","format-standard","hentry","category-sonstiges"],"_links":{"self":[{"href":"https:\/\/www.bierfassheberverein.de\/wordpress\/index.php?rest_route=\/wp\/v2\/posts\/2799","targetHints":{"allow":["GET"]}}],"collection":[{"href":"https:\/\/www.bierfassheberverein.de\/wordpress\/index.php?rest_route=\/wp\/v2\/posts"}],"about":[{"href":"https:\/\/www.bierfassheberverein.de\/wordpress\/index.php?rest_route=\/wp\/v2\/types\/post"}],"author":[{"embeddable":true,"href":"https:\/\/www.bierfassheberverein.de\/wordpress\/index.php?rest_route=\/wp\/v2\/users\/1"}],"replies":[{"embeddable":true,"href":"https:\/\/www.bierfassheberverein.de\/wordpress\/index.php?rest_route=%2Fwp%2Fv2%2Fcomments&post=2799"}],"version-history":[{"count":15,"href":"https:\/\/www.bierfassheberverein.de\/wordpress\/index.php?rest_route=\/wp\/v2\/posts\/2799\/revisions"}],"predecessor-version":[{"id":10667,"href":"https:\/\/www.bierfassheberverein.de\/wordpress\/index.php?rest_route=\/wp\/v2\/posts\/2799\/revisions\/10667"}],"wp:attachment":[{"href":"https:\/\/www.bierfassheberverein.de\/wordpress\/index.php?rest_route=%2Fwp%2Fv2%2Fmedia&parent=2799"}],"wp:term":[{"taxonomy":"category","embeddable":true,"href":"https:\/\/www.bierfassheberverein.de\/wordpress\/index.php?rest_route=%2Fwp%2Fv2%2Fcategories&post=2799"},{"taxonomy":"post_tag","embeddable":true,"href":"https:\/\/www.bierfassheberverein.de\/wordpress\/index.php?rest_route=%2Fwp%2Fv2%2Ftags&post=2799"}],"curies":[{"name":"wp","href":"https:\/\/api.w.org\/{rel}","templated":true}]}}